{"id":42690,"date":"2021-09-23T13:42:04","date_gmt":"2021-09-23T10:42:04","guid":{"rendered":"https:\/\/www.sp.k12.tr\/?p=42690"},"modified":"2021-09-23T13:42:04","modified_gmt":"2021-09-23T10:42:04","slug":"la-reunion-erasmus-bientot-au-lycee-sainte-pulcherie","status":"publish","type":"post","link":"https:\/\/www.sp.k12.tr\/fr\/la-reunion-erasmus-bientot-au-lycee-sainte-pulcherie\/","title":{"rendered":"La r\u00e9union Erasmus+ bient\u00f4t au Lyc\u00e9e Sainte Pulch\u00e9rie !"},"content":{"rendered":"<p>Si au d\u00e9tour d&rsquo;un couloir vous croisez des \u00e9l\u00e8ves d&rsquo;Allemagne, de Mac\u00e9doine, de Lituanie ou de Roumanie, ne soyez pas \u00e9tonn\u00e9s ! Pendant une semaine, du 27 septembre au 1er octobre, notre lyc\u00e9e accueille les lyc\u00e9es partenaires du projet \u00ab\u00a0Participation of Pupils at European Schools: How Democratic are our Schools for Pupils in Europe?\u00a0\u00bb. Au programme de la semaine, ateliers, brainstormings, pr\u00e9sentations mais aussi d\u00e9couverte de la ville d&rsquo;Istanbul et de la vie dans un lyc\u00e9e priv\u00e9 turc. Une semaine riche en \u00e9changes pour les 60 \u00e9l\u00e8ves qui participeront \u00e0 ce projet \u00e0 Istanbul ! Nous leur souhaitons une r\u00e9union fructueuse.<\/p>\n<p><em>Le programme peut \u00eatre suivi en ce moment sur nos m\u00e9dias sociaux mais aussi d\u00e8s le jeudi 30 septembre \u00e0 travers Radio Pulch\u00e9rie.<\/em><\/p>\n","protected":false},"excerpt":{"rendered":"<p>Si au d\u00e9tour d&rsquo;un couloir vous croisez des \u00e9l\u00e8ves d&rsquo;Allemagne, de Mac\u00e9doine, de Lituanie ou de Roumanie, ne soyez pas \u00e9tonn\u00e9s ! Pendant une semaine, du 27 septembre au 1er octobre, notre lyc\u00e9e accueille les lyc\u00e9es partenaires du projet \u00ab\u00a0Participation [&hellip;]<\/p>\n","protected":false},"author":1,"featured_media":42695,"comment_status":"open","ping_status":"open","sticky":false,"template":"post-template.php","format":"gallery","meta":{"_monsterinsights_skip_tracking":false,"_monsterinsights_sitenote_active":false,"_monsterinsights_sitenote_note":"","_monsterinsights_sitenote_category":0,"footnotes":""},"categories":[409,55],"tags":[],"class_list":["post-42690","post","type-post","status-publish","format-gallery","has-post-thumbnail","hentry","category-erasmus-fr","category-rencontres","post_format-post-format-gallery"],"_links":{"self":[{"href":"https:\/\/www.sp.k12.tr\/fr\/wp-json\/wp\/v2\/posts\/42690","targetHints":{"allow":["GET"]}}],"collection":[{"href":"https:\/\/www.sp.k12.tr\/fr\/wp-json\/wp\/v2\/posts"}],"about":[{"href":"https:\/\/www.sp.k12.tr\/fr\/wp-json\/wp\/v2\/types\/post"}],"author":[{"embeddable":true,"href":"https:\/\/www.sp.k12.tr\/fr\/wp-json\/wp\/v2\/users\/1"}],"replies":[{"embeddable":true,"href":"https:\/\/www.sp.k12.tr\/fr\/wp-json\/wp\/v2\/comments?post=42690"}],"version-history":[{"count":0,"href":"https:\/\/www.sp.k12.tr\/fr\/wp-json\/wp\/v2\/posts\/42690\/revisions"}],"wp:featuredmedia":[{"embeddable":true,"href":"https:\/\/www.sp.k12.tr\/fr\/wp-json\/wp\/v2\/media\/42695"}],"wp:attachment":[{"href":"https:\/\/www.sp.k12.tr\/fr\/wp-json\/wp\/v2\/media?parent=42690"}],"wp:term":[{"taxonomy":"category","embeddable":true,"href":"https:\/\/www.sp.k12.tr\/fr\/wp-json\/wp\/v2\/categories?post=42690"},{"taxonomy":"post_tag","embeddable":true,"href":"https:\/\/www.sp.k12.tr\/fr\/wp-json\/wp\/v2\/tags?post=42690"}],"curies":[{"name":"wp","href":"https:\/\/api.w.org\/{rel}","templated":true}]}}