{"id":42559,"date":"2021-09-23T11:49:11","date_gmt":"2021-09-23T08:49:11","guid":{"rendered":"https:\/\/www.sp.k12.tr\/?p=42559"},"modified":"2021-09-23T11:49:11","modified_gmt":"2021-09-23T08:49:11","slug":"preparatoires-et-9emes-apres-trois-semaines-de-lycee","status":"publish","type":"post","link":"https:\/\/www.sp.k12.tr\/fr\/preparatoires-et-9emes-apres-trois-semaines-de-lycee\/","title":{"rendered":"Pr\u00e9paratoires et 9\u00e8mes : apr\u00e8s trois semaines de lyc\u00e9e"},"content":{"rendered":"<p>C&rsquo;est manifestement d&rsquo;abord le plaisir de se retrouver qui r\u00e9unit tous les esprits. Interrog\u00e9s, les 9\u00e8mes ont fait part de leur enthousiasme de partager des journ\u00e9es avec leurs amis mais aussi du bien \u00eatre de se trouver \u00e0 nouveau dans les murs de leur lyc\u00e9e. Ainsi un groupe de 9\u00e8mes crois\u00e9s en riant dans le couloir se confient :<em> \u00ab\u00a0On est contents Madame. Oui c&rsquo;est difficile d&rsquo;\u00eatre avec le masque tout le temps mais l&rsquo;\u00e9cole nous a trop manqu\u00e9s. On est fatigu\u00e9s le soir mais on esp\u00e8re pouvoir continuer. Etre ici ce n&rsquo;est pas pareil\u00a0\u00bb.<\/em><\/p>\n<p>Pour les pr\u00e9paratoires, c&rsquo;est la grande d\u00e9couverte : celle du monde des \u00ab\u00a0grands\u00a0\u00bb mais aussi du fran\u00e7ais. Ces premi\u00e8res semaines sont forc\u00e9ment un peu intimidantes&#8230; Mais bien vite, comme chaque ann\u00e9e, les timidit\u00e9s de rentr\u00e9e vont passer&#8230;<\/p>\n<p>D\u00e8s la semaine de la rentr\u00e9e, les \u00e9l\u00e8ves des deux niveaux ont particip\u00e9 \u00e0 des visites en groupe des lieux cl\u00e9s de l&rsquo;\u00e9tablissement ; les espaces ext\u00e9rieurs, la caf\u00e9t\u00e9ria, la salle de sport et des bureaux de l&rsquo;administration. Ils ont fait connaissance avec leurs professeurs. Puis, ils ont particip\u00e9 \u00e0 des jeux pour que chacun apprenne \u00e0 mieux se conna\u00eetre et d\u00e9tendre l&rsquo;atmosph\u00e8re.<\/p>\n<p>A en voir les photographies, le pari est r\u00e9ussi !<\/p>\n<p>Les prochaines \u00e9tapes du parcours d&rsquo;int\u00e9gration auront lieu au parc de Ma\u00e7ka pour les pr\u00e9paratoires et \u00e0 B\u00fcy\u00fck Ada pour les deux niveaux. Le lyc\u00e9e est en attente des circulaires de MEB pour l&rsquo;organisation de ces \u00e9v\u00e9nements.<\/p>\n","protected":false},"excerpt":{"rendered":"<p>C&rsquo;est manifestement d&rsquo;abord le plaisir de se retrouver qui r\u00e9unit tous les esprits. Interrog\u00e9s, les 9\u00e8mes ont fait part de leur enthousiasme de partager des journ\u00e9es avec leurs amis mais aussi du bien \u00eatre de se trouver \u00e0 nouveau dans [&hellip;]<\/p>\n","protected":false},"author":1,"featured_media":42685,"comment_status":"open","ping_status":"open","sticky":false,"template":"","format":"gallery","meta":{"_monsterinsights_skip_tracking":false,"_monsterinsights_sitenote_active":false,"_monsterinsights_sitenote_note":"","_monsterinsights_sitenote_category":0,"footnotes":""},"categories":[400],"tags":[],"class_list":["post-42559","post","type-post","status-publish","format-gallery","has-post-thumbnail","hentry","category-general","post_format-post-format-gallery"],"_links":{"self":[{"href":"https:\/\/www.sp.k12.tr\/fr\/wp-json\/wp\/v2\/posts\/42559","targetHints":{"allow":["GET"]}}],"collection":[{"href":"https:\/\/www.sp.k12.tr\/fr\/wp-json\/wp\/v2\/posts"}],"about":[{"href":"https:\/\/www.sp.k12.tr\/fr\/wp-json\/wp\/v2\/types\/post"}],"author":[{"embeddable":true,"href":"https:\/\/www.sp.k12.tr\/fr\/wp-json\/wp\/v2\/users\/1"}],"replies":[{"embeddable":true,"href":"https:\/\/www.sp.k12.tr\/fr\/wp-json\/wp\/v2\/comments?post=42559"}],"version-history":[{"count":0,"href":"https:\/\/www.sp.k12.tr\/fr\/wp-json\/wp\/v2\/posts\/42559\/revisions"}],"wp:featuredmedia":[{"embeddable":true,"href":"https:\/\/www.sp.k12.tr\/fr\/wp-json\/wp\/v2\/media\/42685"}],"wp:attachment":[{"href":"https:\/\/www.sp.k12.tr\/fr\/wp-json\/wp\/v2\/media?parent=42559"}],"wp:term":[{"taxonomy":"category","embeddable":true,"href":"https:\/\/www.sp.k12.tr\/fr\/wp-json\/wp\/v2\/categories?post=42559"},{"taxonomy":"post_tag","embeddable":true,"href":"https:\/\/www.sp.k12.tr\/fr\/wp-json\/wp\/v2\/tags?post=42559"}],"curies":[{"name":"wp","href":"https:\/\/api.w.org\/{rel}","templated":true}]}}