{"id":42313,"date":"2021-09-08T13:50:19","date_gmt":"2021-09-08T10:50:19","guid":{"rendered":"https:\/\/www.sp.k12.tr\/?p=42313"},"modified":"2021-09-10T16:34:19","modified_gmt":"2021-09-10T13:34:19","slug":"rentree-2021-2022-les-grandes-retrouvailles","status":"publish","type":"post","link":"https:\/\/www.sp.k12.tr\/fr\/rentree-2021-2022-les-grandes-retrouvailles\/","title":{"rendered":"Rentr\u00e9e 2021-2022, les grandes retrouvailles !"},"content":{"rendered":"<p>La rentr\u00e9e 2021 est avant tout celle des retrouvailles. Apr\u00e8s tant de mois cach\u00e9s derri\u00e8re l&rsquo;ordinateur, \u00e9l\u00e8ves et professeurs vont se red\u00e9couvrir au fil des semaines et renouer les liens de fa\u00e7on plus naturelle. C&rsquo;est aussi une nouvelle page de l&rsquo;histoire du lyc\u00e9e qui s&rsquo;ouvre puisque nous accueillons notre nouvelle directrice Mme Hermine Rid\u00e9. Cette derni\u00e8re a ouvert la c\u00e9r\u00e9monie de rentr\u00e9e avec les mots suivants :<\/p>\n<p>\u00ab\u00a0(&#8230;) <span style=\"font-weight: 400;\">Vos enseignants, et tous les membres de la Communaut\u00e9 \u00e9ducative aussi vous accueillent et s\u2019appr\u00eatent avec joie \u00e0 pouvoir vous accompagner, enfin, en pr\u00e9sentiel. <\/span><span style=\"font-weight: 400;\">Et \u00e0 mon tour, je suis fi\u00e8re de vous accueillir tous dans ce lyc\u00e9e qui m\u2019accueille moi aussi pour ma premi\u00e8re rentr\u00e9e. <\/span><span style=\"font-weight: 400;\">La question est : comment repartir ? Il est impensable de le faire \u201ccomme avant\u201d car cette pand\u00e9mie, qui nous a isol\u00e9s, nous a aussi appris beaucoup de choses. Sur nous et nos besoins. Sur nous et nos refus. Sur nous et sur nos capacit\u00e9s. <\/span><span style=\"font-weight: 400;\">Nous avons d\u00e9couvert qu\u2019il y a toujours des alternatives. Pas parfaites, soit ; mais possibles ! Nous avons cherch\u00e9 des r\u00e9ponses g\u00e9n\u00e9reuses et cr\u00e9atives aux d\u00e9fis pr\u00e9sent\u00e9s par la situation. <\/span><span style=\"font-weight: 400;\">Alors, en ce d\u00e9but d\u2019ann\u00e9e, il nous revient de trouver, ensemble, une tension dynamique entre m\u00e9moire et discernement pour donner du sens sur ce qui n\u2019en avait peut-\u00eatre pas assez.(&#8230;)\u00a0\u00bb<\/span><\/p>\n<p>Son discours a \u00e9t\u00e9 suivi par celui de Mme Min\u00e2 Akcen, Directrice Adjointe Turque :<\/p>\n<p>\u00ab\u00a0(&#8230;) Aujourd&rsquo;hui, nous tournons une nouvelle page dans l&rsquo;histoire de notre lyc\u00e9e : nous avons l&rsquo;enthousiasme de transformer les connaissances et la th\u00e9orie en comp\u00e9tences r\u00e9elles, hors les murs. Nous pourrons participer aux comp\u00e9titions de robotique, aux conf\u00e9rences internationales, aux pr\u00e9sentations de projet pour observer votre d\u00e9veloppement. Nous verrons vos talents sur sc\u00e8ne dans de nombreuses activit\u00e9s. Vous vous exprimerez de mille mani\u00e8res. Les matchs, les tournois, les expos\u00e9s \u00e0 la m\u00e9diath\u00e8que pendant vos r\u00e9cr\u00e9ations seront des rendez-vous incontournables. Tant\u00f4t vous allez apprendre en vous amusant, et au fur et \u00e0 mesure que vous d\u00e9couvrirez vos talents, vous vous pr\u00e9parerez \u00e0 votre vie future. Nous pensons tr\u00e8s fort \u00e0 nos \u00e9l\u00e8ves de 12\u00e8me qui sont d\u00e9j\u00e0 arriv\u00e9s \u00e0 ce seuil. Nous leur souhaitons d&#8217;embl\u00e9e bon courage et beaucoup de r\u00e9ussite dans la poursuite de leurs objectifs.(&#8230;)\u00a0\u00bb<\/p>\n<p>Enfin, notre toute jeune dipl\u00f4m\u00e9e Mademoiselle Duru s&rsquo;est adress\u00e9e aux \u00e9l\u00e8ves du lyc\u00e9e pour leur souhaiter de profiter au maximum de leurs ann\u00e9es Sainte Pulch\u00e9rie et dire combien celles-ci l&rsquo;avaient marqu\u00e9e. Nous la rejoignons dans ses pens\u00e9es pour nos chers professeurs qui ont quitt\u00e9 le lyc\u00e9e l&rsquo;an dernier vers de nouveaux horizons, Madame Saadet que nous n&rsquo;oublierons pas, mais aussi M Alexandre Abellan maintenant en poste au Lyc\u00e9e Notre Dame de Sion.<\/p>\n<p>Belle reprise \u00e0 toutes et \u00e0 tous ! Bonne rentr\u00e9e !<\/p>\n<p><iframe title=\"YouTube video player\" src=\"https:\/\/www.youtube.com\/embed\/yZTt1uNZfek\" width=\"560\" height=\"315\" frameborder=\"0\" allowfullscreen=\"allowfullscreen\"><\/iframe><\/p>\n","protected":false},"excerpt":{"rendered":"<p>La rentr\u00e9e 2021 est avant tout celle des retrouvailles. Apr\u00e8s tant de mois cach\u00e9s derri\u00e8re l&rsquo;ordinateur, \u00e9l\u00e8ves et professeurs vont se red\u00e9couvrir au fil des semaines et renouer les liens de fa\u00e7on plus naturelle. C&rsquo;est aussi une nouvelle page de [&hellip;]<\/p>\n","protected":false},"author":1,"featured_media":42427,"comment_status":"open","ping_status":"open","sticky":false,"template":"","format":"gallery","meta":{"_monsterinsights_skip_tracking":false,"_monsterinsights_sitenote_active":false,"_monsterinsights_sitenote_note":"","_monsterinsights_sitenote_category":0,"footnotes":""},"categories":[52],"tags":[],"class_list":["post-42313","post","type-post","status-publish","format-gallery","has-post-thumbnail","hentry","category-ceremonies-et-histoire","post_format-post-format-gallery"],"_links":{"self":[{"href":"https:\/\/www.sp.k12.tr\/fr\/wp-json\/wp\/v2\/posts\/42313","targetHints":{"allow":["GET"]}}],"collection":[{"href":"https:\/\/www.sp.k12.tr\/fr\/wp-json\/wp\/v2\/posts"}],"about":[{"href":"https:\/\/www.sp.k12.tr\/fr\/wp-json\/wp\/v2\/types\/post"}],"author":[{"embeddable":true,"href":"https:\/\/www.sp.k12.tr\/fr\/wp-json\/wp\/v2\/users\/1"}],"replies":[{"embeddable":true,"href":"https:\/\/www.sp.k12.tr\/fr\/wp-json\/wp\/v2\/comments?post=42313"}],"version-history":[{"count":0,"href":"https:\/\/www.sp.k12.tr\/fr\/wp-json\/wp\/v2\/posts\/42313\/revisions"}],"wp:featuredmedia":[{"embeddable":true,"href":"https:\/\/www.sp.k12.tr\/fr\/wp-json\/wp\/v2\/media\/42427"}],"wp:attachment":[{"href":"https:\/\/www.sp.k12.tr\/fr\/wp-json\/wp\/v2\/media?parent=42313"}],"wp:term":[{"taxonomy":"category","embeddable":true,"href":"https:\/\/www.sp.k12.tr\/fr\/wp-json\/wp\/v2\/categories?post=42313"},{"taxonomy":"post_tag","embeddable":true,"href":"https:\/\/www.sp.k12.tr\/fr\/wp-json\/wp\/v2\/tags?post=42313"}],"curies":[{"name":"wp","href":"https:\/\/api.w.org\/{rel}","templated":true}]}}