{"id":42309,"date":"2021-09-03T15:52:56","date_gmt":"2021-09-03T12:52:56","guid":{"rendered":"https:\/\/www.sp.k12.tr\/?p=42309"},"modified":"2021-09-10T16:29:09","modified_gmt":"2021-09-10T13:29:09","slug":"rentreee-2021-les-9emes-et-les-prepatoires-ensemble-au-lycee","status":"publish","type":"post","link":"https:\/\/www.sp.k12.tr\/fr\/rentreee-2021-les-9emes-et-les-prepatoires-ensemble-au-lycee\/","title":{"rendered":"Rentr\u00e9ee 2021 : les 9\u00e8mes et les pr\u00e9patoires ensemble au lyc\u00e9e"},"content":{"rendered":"<p>Depuis l&rsquo;an dernier chacun s&rsquo;\u00e9tait habitu\u00e9 aux rendez-vous \u00ab\u00a0rat\u00e9s\u00a0\u00bb en raison de la pand\u00e9mie. Mais pas cette fois ! La rentr\u00e9e 2021 \u00e9tait d&rsquo;autant plus forte en \u00e9motion que tout le monde a pu se rassembler dans l&rsquo;enceinte du lyc\u00e9e, se saluer et se sourire, derri\u00e8re les masques. Les parents venus nombreux avaient accompagn\u00e9 leur enfant pour les regarder partir chacun dans leur rang aupr\u00e8s de leur professeur, vers leur nouvelle vie. Les \u00e9l\u00e8ves, particuli\u00e8rement enjou\u00e9s, on d\u00e9couvert leur classe et ont appris \u00e0 se rep\u00e9rer dans diff\u00e9rents lieux du lyc\u00e9e. Ce n&rsquo;est qu&rsquo;un d\u00e9but ! Les classes pr\u00e9paratoires vont suivre \u00e9tape par \u00e9tape le programme d&rsquo;int\u00e9gration pr\u00e9par\u00e9 par leurs professeurs. Bient\u00f4t les premi\u00e8res timidit\u00e9 seront pass\u00e9es et ils trouveront leurs marques dans leur tout nouveau lyc\u00e9e. Nous leur souhaitons la bienvenue ainsi qu&rsquo;aux 9\u00e8mes.<\/p>\n<p>A l&rsquo;occasion de la c\u00e9r\u00e9monie de rentr\u00e9e, notre nouvelle directrice Mme Hermine Rid\u00e9 a accueilli les \u00e9l\u00e8ves avec un discours dont voici quelques extraits :<\/p>\n<p>\u00ab\u00a0<span style=\"font-weight: 400;\">Sur cette rentr\u00e9e 2021 souffle un vent de renouveau : Nous sommes \u00e0 l\u2019\u00e9cole ! Apr\u00e8s un an et demi enferm\u00e9s dans nos chez nous, nous voici enfin r\u00e9unis dans une cour d\u2019\u00e9cole, notre \u00e9cole. Ensemble ! Et nous nous r\u00e9jouissons de ce moment. (&#8230;) Vivre ensemble ! Voil\u00e0 ce qu\u2019il va nous \u00eatre donn\u00e9 de partager pendant 4 ou 5 ans selon que vous \u00eates en Pr\u00e9paratoire ou en 9\u00e8me. Un chemin d\u2019efforts partag\u00e9s, car pour devenir des hommes et femmes de demain, il va vous falloir apprendre \u00e0 pr\u00e9f\u00e9rer le juste et le n\u00e9cessaire \u00e0 la facilit\u00e9 et la satisfaction imm\u00e9diates. Grandir demande du temps, et n\u2019est jamais vraiment fini. (&#8230;) <\/span><span style=\"font-weight: 400;\">Nous sommes l\u00e0 pour vous accompagner avec bienveillance dans les derni\u00e8res ann\u00e9es de votre adolescence, pour former votre esprit, d\u00e9velopper votre courage, votre cr\u00e9ativit\u00e9 et ouvrir votre sens de la beaut\u00e9 et de l\u2019engagement. Alors, ensemble, faisons confiance \u00e0 chaque pas du pr\u00e9sent qui donne les ressources n\u00e9cessaires pour sans cesse aller de l\u2019avant.\u00a0\u00bb<\/span><\/p>\n<p>Mme Mina Akcen, la directrice Adjointe Turque a ensuite pris la parole :<\/p>\n<p>\u00ab\u00a0(&#8230;) Zor bir s\u00fcre\u00e7ten ge\u00e7tik, ge\u00e7meye de devam ediyoruz, g\u00fczel haberler yak\u0131nd\u0131r d\u00fc\u015f\u00fcncesiyle ve umuduyla at\u0131yoruz ilk ad\u0131mlar\u0131m\u0131z\u0131 bu yeni ders y\u0131l\u0131na, yepyeni bir ba\u015flang\u0131\u00e7 olsun istiyoruz, ya\u015fanan t\u00fcm olumsuzluklar\u0131n geride b\u0131rak\u0131ld\u0131\u011f\u0131&#8230; (&#8230;) Birlik ve beraberlik ruhunu t\u00fcm i\u00e7tenli\u011fi ile iliklerine kadar hisseden, hepimiz birimiz Birimiz hepimiz i\u00e7in ilkesiyle gelece\u011fi in\u015fa eden, ge\u00e7mi\u015fiyle ve gelece\u011fi ile dev bir ailenin Sainte Pulch\u00e9rie ailesinin \u00fcyesi olman\u0131n verdi\u011fi g\u00fcven ve g\u00fc\u00e7\u2026\u00a0\u00bb<\/p>\n<p>Bonne rentr\u00e9e \u00e0 tous nos \u00e9l\u00e8ves et professeurs !<\/p>\n<p><iframe title=\"YouTube video player\" src=\"https:\/\/www.youtube.com\/embed\/SOPqnj0WXdw\" width=\"560\" height=\"315\" frameborder=\"0\" allowfullscreen=\"allowfullscreen\"><\/iframe><\/p>\n","protected":false},"excerpt":{"rendered":"<p>Depuis l&rsquo;an dernier chacun s&rsquo;\u00e9tait habitu\u00e9 aux rendez-vous \u00ab\u00a0rat\u00e9s\u00a0\u00bb en raison de la pand\u00e9mie. Mais pas cette fois ! La rentr\u00e9e 2021 \u00e9tait d&rsquo;autant plus forte en \u00e9motion que tout le monde a pu se rassembler dans l&rsquo;enceinte du lyc\u00e9e, [&hellip;]<\/p>\n","protected":false},"author":1,"featured_media":42359,"comment_status":"open","ping_status":"open","sticky":false,"template":"","format":"gallery","meta":{"_monsterinsights_skip_tracking":false,"_monsterinsights_sitenote_active":false,"_monsterinsights_sitenote_note":"","_monsterinsights_sitenote_category":0,"footnotes":""},"categories":[52],"tags":[],"class_list":["post-42309","post","type-post","status-publish","format-gallery","has-post-thumbnail","hentry","category-ceremonies-et-histoire","post_format-post-format-gallery"],"_links":{"self":[{"href":"https:\/\/www.sp.k12.tr\/fr\/wp-json\/wp\/v2\/posts\/42309","targetHints":{"allow":["GET"]}}],"collection":[{"href":"https:\/\/www.sp.k12.tr\/fr\/wp-json\/wp\/v2\/posts"}],"about":[{"href":"https:\/\/www.sp.k12.tr\/fr\/wp-json\/wp\/v2\/types\/post"}],"author":[{"embeddable":true,"href":"https:\/\/www.sp.k12.tr\/fr\/wp-json\/wp\/v2\/users\/1"}],"replies":[{"embeddable":true,"href":"https:\/\/www.sp.k12.tr\/fr\/wp-json\/wp\/v2\/comments?post=42309"}],"version-history":[{"count":0,"href":"https:\/\/www.sp.k12.tr\/fr\/wp-json\/wp\/v2\/posts\/42309\/revisions"}],"wp:featuredmedia":[{"embeddable":true,"href":"https:\/\/www.sp.k12.tr\/fr\/wp-json\/wp\/v2\/media\/42359"}],"wp:attachment":[{"href":"https:\/\/www.sp.k12.tr\/fr\/wp-json\/wp\/v2\/media?parent=42309"}],"wp:term":[{"taxonomy":"category","embeddable":true,"href":"https:\/\/www.sp.k12.tr\/fr\/wp-json\/wp\/v2\/categories?post=42309"},{"taxonomy":"post_tag","embeddable":true,"href":"https:\/\/www.sp.k12.tr\/fr\/wp-json\/wp\/v2\/tags?post=42309"}],"curies":[{"name":"wp","href":"https:\/\/api.w.org\/{rel}","templated":true}]}}