{"id":42133,"date":"2021-09-01T14:53:38","date_gmt":"2021-09-01T11:53:38","guid":{"rendered":"https:\/\/www.sp.k12.tr\/?p=42133"},"modified":"2021-09-01T14:53:38","modified_gmt":"2021-09-01T11:53:38","slug":"une-ceremonie-tant-attendue-la-remise-des-diplomes-2019-2020","status":"publish","type":"post","link":"https:\/\/www.sp.k12.tr\/fr\/une-ceremonie-tant-attendue-la-remise-des-diplomes-2019-2020\/","title":{"rendered":"Une c\u00e9r\u00e9monie tant attendue : la remise des dipl\u00f4mes 2019-2020"},"content":{"rendered":"<p>Cette journ\u00e9e \u00e9tait \u00e9galement une journ\u00e9e sp\u00e9ciale pour M. Alexandre Abellan, qui ne sera plus parmi nous \u00e0 partir de l&rsquo;ann\u00e9e scolaire 2021-2022. C&rsquo;est ainsi qu&rsquo;il l&rsquo;a exprim\u00e9 dans son discours :<\/p>\n<p>\u00ab\u00a0Quelle situation singuli\u00e8re de vous retrouver alors que vous n\u2019\u00eates plus les \u00e9l\u00e8ves de cette \u00e9cole, \u00e0 la veille du jour o\u00f9 je n\u2019en serai plus le directeur.\u00a0\u00bb<\/p>\n<p>Puis, M Abellan a termin\u00e9 son discours avec ces mots :<\/p>\n<p>\u00ab\u00a0Cher dipl\u00f4m\u00e9s de la promotion 2019-2020, je souhaite avant tout vous remercier de la maturit\u00e9 dont vous avez fait preuve l\u2019an dernier. Je vous remercie de votre sagesse et de votre patience dans les circonstances qui nous ont oblig\u00e9s de ne pas vous dire au revoir comme il se devait. Mais cette maturit\u00e9, n\u2019est elle pas le signe d\u2019une \u00e9ducation r\u00e9ussie ? Avec le soutien de vos familles que je salue par ailleurs, n\u2019avons nous pas rempli le contrat que nous avions promis. Cette maturit\u00e9 n\u2019est elle la preuve que nous avons \u00e9t\u00e9 fid\u00e8le \u00e0 la promesse faite dans ce m\u00eame jardin, il y a 7 ans d\u00e9j\u00e0.\u00a0\u00bb<\/p>\n<p>Notre directrice adjointe turque Min\u00e2 Ak\u00e7en s&rsquo;est adress\u00e9e \u00e0 nos dipl\u00f4m\u00e9s :<\/p>\n<p>\u00ab\u00a0M\u00eame si vous avez d\u00e9j\u00e0 \u00e9t\u00e9 dipl\u00f4m\u00e9s de notre lyc\u00e9e il y a plus d&rsquo;un an, nous ne nous oublions pas, et nous avons souhait\u00e9 vivre ce moment fort et significatif avec vous, nous nous en r\u00e9jouissons. Bienvenue chers jeunes ! Nous vous disons seulement au revoir, ce n&rsquo;est pas un adieu. Car le Lyc\u00e9e Sainte Pulch\u00e9rie est, et sera toujours votre \u00e9cole. Nous partirons peut-\u00eatre un jour, mais vous, vous serez toujours chez vous ici dans ce jardin. Avant de vous dire au revoir, je vous dis donc bienvenue. Bienvenue \u00e0 votre \u00e9cole, \u00e0 votre jardin, \u00e0 Sainte Pulch\u00e9rie, apr\u00e8s ce long moment.\u00a0\u00bb<\/p>\n<p>Puis, la d\u00e9l\u00e9gu\u00e9e de la promotion Ay\u015fe a fait un discours au nom de tous les dipl\u00f4m\u00e9s. Les responsables de niveau en poste pendant leur ann\u00e9e de terminale ont appel\u00e9 les anciens \u00e9l\u00e8ves sur sc\u00e8ne pour leur remettre les dipl\u00f4mes.<\/p>\n<p>Nous souhaitons \u00e0 nos dipl\u00f4m\u00e9s beaucoup de r\u00e9ussite dans la continuit\u00e9 de leur vie \u00e9ducative.<\/p>\n<p>Si vous souhaitez vous inscrire \u00e0 l&rsquo;association des anciens et pour faire grandir la famille SP dans les ann\u00e9es \u00e0 venir, restez en contact avec nous.<\/p>\n<p>Pour regarder la retransmission de la c\u00e9r\u00e9monie, cliquez <a href=\"https:\/\/www.youtube.com\/watch?v=MWMNAWOFYcM&amp;t=1s\" target=\"_blank\" rel=\"noopener\">ici<\/a>.<\/p>\n","protected":false},"excerpt":{"rendered":"<p>Cette journ\u00e9e \u00e9tait \u00e9galement une journ\u00e9e sp\u00e9ciale pour M. Alexandre Abellan, qui ne sera plus parmi nous \u00e0 partir de l&rsquo;ann\u00e9e scolaire 2021-2022. C&rsquo;est ainsi qu&rsquo;il l&rsquo;a exprim\u00e9 dans son discours : \u00ab\u00a0Quelle situation singuli\u00e8re de vous retrouver alors que [&hellip;]<\/p>\n","protected":false},"author":1,"featured_media":42176,"comment_status":"open","ping_status":"open","sticky":false,"template":"","format":"gallery","meta":{"_monsterinsights_skip_tracking":false,"_monsterinsights_sitenote_active":false,"_monsterinsights_sitenote_note":"","_monsterinsights_sitenote_category":0,"footnotes":""},"categories":[52],"tags":[],"class_list":["post-42133","post","type-post","status-publish","format-gallery","has-post-thumbnail","hentry","category-ceremonies-et-histoire","post_format-post-format-gallery"],"_links":{"self":[{"href":"https:\/\/www.sp.k12.tr\/fr\/wp-json\/wp\/v2\/posts\/42133","targetHints":{"allow":["GET"]}}],"collection":[{"href":"https:\/\/www.sp.k12.tr\/fr\/wp-json\/wp\/v2\/posts"}],"about":[{"href":"https:\/\/www.sp.k12.tr\/fr\/wp-json\/wp\/v2\/types\/post"}],"author":[{"embeddable":true,"href":"https:\/\/www.sp.k12.tr\/fr\/wp-json\/wp\/v2\/users\/1"}],"replies":[{"embeddable":true,"href":"https:\/\/www.sp.k12.tr\/fr\/wp-json\/wp\/v2\/comments?post=42133"}],"version-history":[{"count":0,"href":"https:\/\/www.sp.k12.tr\/fr\/wp-json\/wp\/v2\/posts\/42133\/revisions"}],"wp:featuredmedia":[{"embeddable":true,"href":"https:\/\/www.sp.k12.tr\/fr\/wp-json\/wp\/v2\/media\/42176"}],"wp:attachment":[{"href":"https:\/\/www.sp.k12.tr\/fr\/wp-json\/wp\/v2\/media?parent=42133"}],"wp:term":[{"taxonomy":"category","embeddable":true,"href":"https:\/\/www.sp.k12.tr\/fr\/wp-json\/wp\/v2\/categories?post=42133"},{"taxonomy":"post_tag","embeddable":true,"href":"https:\/\/www.sp.k12.tr\/fr\/wp-json\/wp\/v2\/tags?post=42133"}],"curies":[{"name":"wp","href":"https:\/\/api.w.org\/{rel}","templated":true}]}}