{"id":41928,"date":"2021-09-01T11:18:13","date_gmt":"2021-09-01T08:18:13","guid":{"rendered":"https:\/\/www.sp.k12.tr\/?p=41928"},"modified":"2021-09-01T11:18:13","modified_gmt":"2021-09-01T08:18:13","slug":"erasmus-rencontre-du-11-17-juillet","status":"publish","type":"post","link":"https:\/\/www.sp.k12.tr\/fr\/erasmus-rencontre-du-11-17-juillet\/","title":{"rendered":"Erasmus+ Rencontre du 11-17 juillet"},"content":{"rendered":"<p>Nimet K\u00fc\u00e7\u00fck, la responsable de projet qui a repr\u00e9sent\u00e9 notre \u00e9cole \u00e0 cette r\u00e9union a pr\u00e9sent\u00e9 le syst\u00e8me scolaire et les diff\u00e9rentes approches m\u00e9thodologiques.<\/p>\n<p>Les responsables du projet qui n&rsquo;ont cess\u00e9 de travailler sur le sujet pendant la pand\u00e9mie, ont \u00e9galement fait des expos\u00e9s sur les syst\u00e8mes scolaires de leur pays. Lors de cette r\u00e9union qui s&rsquo;est tr\u00e8s bien pass\u00e9e, les participants ont visit\u00e9 des classes et assist\u00e9 \u00e0 des r\u00e9unions de professeurs. La pr\u00e9sentation de l&rsquo;expert allemand sur la structure d\u00e9mocratique des \u00e9coles de son pays, a \u00e9t\u00e9 suivie avec int\u00e9r\u00eat par les participants et les \u00e9l\u00e8ves.<\/p>\n<p>En outre, les prochaines r\u00e9unions du projet ont \u00e9t\u00e9 planifi\u00e9es. Les partenaires allemands, lituaniens, roumains et mac\u00e9doniens, se retrouveront donc \u00e0 la fin du mois de septembre, avec la participation des \u00e9l\u00e8ves et des professeurs concern\u00e9s. La prochaine r\u00e9union devrait prendre place au sein de notre lyc\u00e9e. Par ailleurs, une r\u00e9union en ligne a \u00e9galement \u00e9t\u00e9 organis\u00e9e durant le mois d&rsquo;ao\u00fbt.<\/p>\n<p>&nbsp;<\/p>\n","protected":false},"excerpt":{"rendered":"<p>Nimet K\u00fc\u00e7\u00fck, la responsable de projet qui a repr\u00e9sent\u00e9 notre \u00e9cole \u00e0 cette r\u00e9union a pr\u00e9sent\u00e9 le syst\u00e8me scolaire et les diff\u00e9rentes approches m\u00e9thodologiques. Les responsables du projet qui n&rsquo;ont cess\u00e9 de travailler sur le sujet pendant la pand\u00e9mie, ont [&hellip;]<\/p>\n","protected":false},"author":1,"featured_media":42127,"comment_status":"open","ping_status":"open","sticky":false,"template":"post-template.php","format":"gallery","meta":{"_monsterinsights_skip_tracking":false,"_monsterinsights_sitenote_active":false,"_monsterinsights_sitenote_note":"","_monsterinsights_sitenote_category":0,"footnotes":""},"categories":[409,400],"tags":[],"class_list":["post-41928","post","type-post","status-publish","format-gallery","has-post-thumbnail","hentry","category-erasmus-fr","category-general","post_format-post-format-gallery"],"_links":{"self":[{"href":"https:\/\/www.sp.k12.tr\/fr\/wp-json\/wp\/v2\/posts\/41928","targetHints":{"allow":["GET"]}}],"collection":[{"href":"https:\/\/www.sp.k12.tr\/fr\/wp-json\/wp\/v2\/posts"}],"about":[{"href":"https:\/\/www.sp.k12.tr\/fr\/wp-json\/wp\/v2\/types\/post"}],"author":[{"embeddable":true,"href":"https:\/\/www.sp.k12.tr\/fr\/wp-json\/wp\/v2\/users\/1"}],"replies":[{"embeddable":true,"href":"https:\/\/www.sp.k12.tr\/fr\/wp-json\/wp\/v2\/comments?post=41928"}],"version-history":[{"count":0,"href":"https:\/\/www.sp.k12.tr\/fr\/wp-json\/wp\/v2\/posts\/41928\/revisions"}],"wp:featuredmedia":[{"embeddable":true,"href":"https:\/\/www.sp.k12.tr\/fr\/wp-json\/wp\/v2\/media\/42127"}],"wp:attachment":[{"href":"https:\/\/www.sp.k12.tr\/fr\/wp-json\/wp\/v2\/media?parent=41928"}],"wp:term":[{"taxonomy":"category","embeddable":true,"href":"https:\/\/www.sp.k12.tr\/fr\/wp-json\/wp\/v2\/categories?post=41928"},{"taxonomy":"post_tag","embeddable":true,"href":"https:\/\/www.sp.k12.tr\/fr\/wp-json\/wp\/v2\/tags?post=41928"}],"curies":[{"name":"wp","href":"https:\/\/api.w.org\/{rel}","templated":true}]}}