{"id":39073,"date":"2021-06-09T13:33:55","date_gmt":"2021-06-09T10:33:55","guid":{"rendered":"https:\/\/www.sp.k12.tr\/?p=39073"},"modified":"2021-06-09T13:51:14","modified_gmt":"2021-06-09T10:51:14","slug":"en-direct-des-facs-birgul-a-bogazici","status":"publish","type":"post","link":"https:\/\/www.sp.k12.tr\/fr\/en-direct-des-facs-birgul-a-bogazici\/","title":{"rendered":"En direct des facs : Birg\u00fcl \u00e0 Bo\u011fazi\u00e7i"},"content":{"rendered":"<p><strong><span class=\"VIiyi\" lang=\"fr\"><span class=\"JLqJ4b\" data-language-for-alternatives=\"fr\" data-language-to-translate-into=\"tr\" data-phrase-index=\"0\">Comment s&rsquo;est d\u00e9roul\u00e9e ton orientation universitaire au lyc\u00e9e ? <\/span><\/span><\/strong><\/p>\n<p><span class=\"VIiyi\" lang=\"fr\"><span class=\"JLqJ4b\" data-language-for-alternatives=\"fr\" data-language-to-translate-into=\"tr\" data-phrase-index=\"0\">J&rsquo;\u00e9tais compl\u00e8tement confuse. Mais ma chance \u00e9tait la suivante : quand tu \u00e9tudies \u00e0 Sainte Pulch\u00e9rie, tu as tellement de choix devant toi. J&rsquo;ai toujours fix\u00e9 Bo\u011fazi\u00e7i comme objectif. Il y avait deux sections. L&rsquo;une est la science politique et l&rsquo;autre la sociologie. Il y avait d&rsquo;autres facteurs qui ont motiv\u00e9 ce choix. Quand nous \u00e9tions au lyc\u00e9e, il y avait Caf\u00e9 Philo. J&rsquo;en \u00e9tais la pr\u00e9sidente. Mme Nimet m&rsquo;a beaucoup aid\u00e9e. Il y a beaucoup de choses que j&rsquo;ai appris gr\u00e2ce \u00e0 cette activit\u00e9 et que j&rsquo;utilise dans le domaine universitaire, l\u00e0 o\u00f9 je travaille, ou encore dans les programmes radio que je r\u00e9alise. <\/span><\/span><\/p>\n<p><strong><span class=\"VIiyi\" lang=\"fr\"><span class=\"JLqJ4b\" data-language-for-alternatives=\"fr\" data-language-to-translate-into=\"tr\" data-phrase-index=\"0\">Comment s&rsquo;est pass\u00e9e ta premi\u00e8re ann\u00e9e \u00e0 la fac ? <\/span><\/span><\/strong><\/p>\n<p><span class=\"VIiyi\" lang=\"fr\"><span class=\"JLqJ4b\" data-language-for-alternatives=\"fr\" data-language-to-translate-into=\"tr\" data-phrase-index=\"0\">Cela me semblait \u00e9trange de m&rsquo;immerger dans l&rsquo;anglais. Il n&rsquo;y avait personne que je connaisse depuis le lyc\u00e9e. Ma plus grande peur, je suppose, \u00e9tait d&rsquo;\u00eatre seule. Mais j&rsquo;ai eu des avantages tr\u00e8s diff\u00e9rents. Je suis entr\u00e9e au Club radio en ann\u00e9e pr\u00e9paratoire. Entrer dans un club est important, notamment en termes d&rsquo;environnement social. Si vous trouvez quelque chose qui vous int\u00e9resse, ne le manquez surtout pas. <\/span><\/span><\/p>\n<p><strong><span class=\"VIiyi\" lang=\"fr\"><span class=\"JLqJ4b\" data-language-for-alternatives=\"fr\" data-language-to-translate-into=\"tr\" data-phrase-index=\"0\">Comment les cours ont-ils \u00e9volu\u00e9 pendant la pand\u00e9mie ? <\/span><\/span><\/strong><\/p>\n<p><span class=\"VIiyi\" lang=\"fr\"><span class=\"JLqJ4b\" data-language-for-alternatives=\"fr\" data-language-to-translate-into=\"tr\" data-phrase-index=\"0\">C&rsquo;est un sentiment formidable d&rsquo;\u00eatre \u00e0 l&rsquo;\u00e9cole. Tous les \u00e9tudiants de Bo\u011fazi\u00e7i sont d&rsquo;accord sur ce point. La fac fonctionne en ligne en ce moment ; mais je pense que l&rsquo;union physique \u00e9tait importante. Normalement, je devais aller en Erasmus pendant cette p\u00e9riode, au Pays-Bas, \u00e0 Utrecht. Mais ensuite l&rsquo;\u00e9cole a \u00e9t\u00e9 annul\u00e9e. J&rsquo;ai postul\u00e9 \u00e0 nouveau, maintenant c&rsquo;est le Danemark. L&rsquo;\u00e9quilibre a chang\u00e9. <\/span><\/span><\/p>\n<p><strong><span class=\"VIiyi\" lang=\"fr\"><span class=\"JLqJ4b\" data-language-for-alternatives=\"fr\" data-language-to-translate-into=\"tr\" data-phrase-index=\"0\">Quels sont tes projets pour le futur ? <\/span><\/span><\/strong><\/p>\n<p><span class=\"VIiyi\" lang=\"fr\"><span class=\"JLqJ4b\" data-language-for-alternatives=\"fr\" data-language-to-translate-into=\"tr\" data-phrase-index=\"0\">Je suis \u00e0 l&rsquo;universit\u00e9 en 3\u00e8me ann\u00e9e; mais je me sens comme au lyc\u00e9e. Un temps de transition entre les deux. Je r\u00eave de faire un master \u00e0 l&rsquo;\u00e9tranger dans une mati\u00e8re qui touche \u00e0 la sociologie. Notre communication avec l&rsquo;entreprise pour laquelle je travaille est \u00e9galement tr\u00e8s bonne. \u00c7a fait du bien de travailler avec un lieu qui s&rsquo;est fait un nom prestigieux depuis 22 ans. Mon objectif \u00e9tait d&rsquo;avoir toujours plusieurs possibilit\u00e9s en t\u00eate pour pouvoir en choisir une plus tard, pour ne pas \u00eatre expos\u00e9e \u00e0 un seul choix. Je suppose que je d\u00e9ciderai plus tard lequel choisir. <\/span><\/span><\/p>\n<p><strong><span class=\"VIiyi\" lang=\"fr\"><span class=\"JLqJ4b\" data-language-for-alternatives=\"fr\" data-language-to-translate-into=\"tr\" data-phrase-index=\"0\">Quel message voudrais-tu faire passer aux \u00e9l\u00e8ves de notre lyc\u00e9e ? <\/span><\/span><\/strong><\/p>\n<p><span class=\"VIiyi\" lang=\"fr\"><span class=\"JLqJ4b\" data-language-for-alternatives=\"fr\" data-language-to-translate-into=\"tr\" data-phrase-index=\"0\">J&rsquo;ai termin\u00e9 le lyc\u00e9e en \u00e9tant major de ma promotion. En g\u00e9n\u00e9ral, j&rsquo;avais tr\u00e8s peur de faire des erreurs et de m&rsquo;\u00e9garer, et j&rsquo;y ai beaucoup r\u00e9fl\u00e9chi. Vous devez vous inqui\u00e9ter ; mais mon conseil serait le suivant : vous ne devriez pas avoir peur de vous \u00e9garer, de vous perdre, de faire des erreurs, de quelque fa\u00e7on que ce soit. Il y a un dicton qui dit qu&rsquo;il faut un printemps pour se perdre et se retrouver. Je suppose que c&rsquo;est vraiment le cas. Parfois il faut vraiment se perdre, il faut faire des erreurs, il faut emprunter d&rsquo;autres chemins. Parce que c&rsquo;est la vie, et vous pouvez rencontrer beaucoup plus de belles choses que vous ne le pensiez. Vos craintes ne sont donc pas fond\u00e9es.<\/span><\/span><\/p>\n","protected":false},"excerpt":{"rendered":"<p>Comment s&rsquo;est d\u00e9roul\u00e9e ton orientation universitaire au lyc\u00e9e ? J&rsquo;\u00e9tais compl\u00e8tement confuse. Mais ma chance \u00e9tait la suivante : quand tu \u00e9tudies \u00e0 Sainte Pulch\u00e9rie, tu as tellement de choix devant toi. J&rsquo;ai toujours fix\u00e9 Bo\u011fazi\u00e7i comme objectif. Il y [&hellip;]<\/p>\n","protected":false},"author":1,"featured_media":39097,"comment_status":"closed","ping_status":"closed","sticky":false,"template":"post-template.php","format":"gallery","meta":{"_monsterinsights_skip_tracking":false,"_monsterinsights_sitenote_active":false,"_monsterinsights_sitenote_note":"","_monsterinsights_sitenote_category":0,"footnotes":""},"categories":[412,400],"tags":[],"class_list":["post-39073","post","type-post","status-publish","format-gallery","has-post-thumbnail","hentry","category-en-direct-des-facs","category-general","post_format-post-format-gallery"],"_links":{"self":[{"href":"https:\/\/www.sp.k12.tr\/fr\/wp-json\/wp\/v2\/posts\/39073","targetHints":{"allow":["GET"]}}],"collection":[{"href":"https:\/\/www.sp.k12.tr\/fr\/wp-json\/wp\/v2\/posts"}],"about":[{"href":"https:\/\/www.sp.k12.tr\/fr\/wp-json\/wp\/v2\/types\/post"}],"author":[{"embeddable":true,"href":"https:\/\/www.sp.k12.tr\/fr\/wp-json\/wp\/v2\/users\/1"}],"replies":[{"embeddable":true,"href":"https:\/\/www.sp.k12.tr\/fr\/wp-json\/wp\/v2\/comments?post=39073"}],"version-history":[{"count":0,"href":"https:\/\/www.sp.k12.tr\/fr\/wp-json\/wp\/v2\/posts\/39073\/revisions"}],"wp:featuredmedia":[{"embeddable":true,"href":"https:\/\/www.sp.k12.tr\/fr\/wp-json\/wp\/v2\/media\/39097"}],"wp:attachment":[{"href":"https:\/\/www.sp.k12.tr\/fr\/wp-json\/wp\/v2\/media?parent=39073"}],"wp:term":[{"taxonomy":"category","embeddable":true,"href":"https:\/\/www.sp.k12.tr\/fr\/wp-json\/wp\/v2\/categories?post=39073"},{"taxonomy":"post_tag","embeddable":true,"href":"https:\/\/www.sp.k12.tr\/fr\/wp-json\/wp\/v2\/tags?post=39073"}],"curies":[{"name":"wp","href":"https:\/\/api.w.org\/{rel}","templated":true}]}}