{"id":38839,"date":"2021-05-28T03:00:28","date_gmt":"2021-05-28T00:00:28","guid":{"rendered":"https:\/\/www.sp.k12.tr\/?p=38839"},"modified":"2021-05-28T11:20:50","modified_gmt":"2021-05-28T08:20:50","slug":"sozparole-6-etre-diplome-du-lycee-et-le-voyage-de-la-carriere-professionnelle","status":"publish","type":"post","link":"https:\/\/www.sp.k12.tr\/fr\/sozparole-6-etre-diplome-du-lycee-et-le-voyage-de-la-carriere-professionnelle\/","title":{"rendered":"S\u00f6z&#038;Parole &#8211; 6: \u00eatre dipl\u00f4m\u00e9 du lyc\u00e9e et le voyage de la carri\u00e8re professionnelle"},"content":{"rendered":"<div>Lors de cette rencontre Seren Elmao\u011flu Be\u015firyan nous a parl\u00e9 de la carri\u00e8re professionnelle comme un voyage, une \u00e9tape dans la vie, un processus qui n&rsquo;avance pas toujours \u00e0 la m\u00eame vitesse, qui comporte des \u00e9checs et des r\u00e9ussites. Son voyage a commenc\u00e9 sur les bancs du Lyc\u00e9e Sainte Pulch\u00e9rie.<\/div>\n<div><\/div>\n<div>Certes, le talent est important mais le fait de ne pas se sentir dou\u00e9 dans un domaine, ne signifie pas qu&rsquo;on ne peut pas \u00e9voluer. Le travail pers\u00e9v\u00e9rant permet d&rsquo;acqu\u00e9rir avec le temps des comp\u00e9tences qui accompagnent le talent.<\/div>\n<div><\/div>\n<div>Seren Elmao\u011flu Be\u015firyan dit ainsi : \u00ab\u00a0Il est important de se concentrer, d\u00e8s le lyc\u00e9e, dans les domaines qui nous enthousiasment. Il faut \u00eatre conscient qu&rsquo;il y a toujours une meilleure version de vous m\u00eame.\u00a0\u00bb<\/div>\n<div><\/div>\n<div>Comment constituer un bon CV ? Voici quelques points importants :<\/div>\n<ul>\n<li>Etudier dans des \u00e9coles prestigieuses et faire beaucoup de stages<\/li>\n<li>Remplir son CV avec l&rsquo;acquisition des exp\u00e9riences<\/li>\n<li>Diff\u00e9rences culturelles dans la r\u00e9daction du CV<\/li>\n<\/ul>\n<div>Dans l&rsquo;exemple \u00e9voqu\u00e9 pendant la rencontre, notre intervenante a insist\u00e9 sur le fait que les photos sont bienvenues dans les CV en Turquie, tandis qu&rsquo;en Grande Bretagne, cela est mal venu en raison du risque de discrimination.<\/div>\n<div><\/div>\n<div>A la fin de la rencontre Seren Elmao\u011flu Be\u015firyan a parl\u00e9 de l&rsquo;importance du programme Erasmus, de l&rsquo;exp\u00e9rience de vie \u00e0 l&rsquo;\u00e9tranger. Elle a ajout\u00e9 que c&rsquo;est une bonne opportunit\u00e9 pour se constituer un r\u00e9seau. De nos jours, il est incontournable d&rsquo;avoir un r\u00e9seau professionnel, et notre intervenante a insist\u00e9 que cela n&rsquo;est pas en lien avec des demandes de faveur.<\/div>\n<div><\/div>\n<div>Nous remercions Seren Elmao\u011flu Be\u015firyan pour cette rencontre tr\u00e8s agr\u00e9able.<\/div>\n<div><\/div>\n<div>A bient\u00f4t, au prochain webinar !<\/div>\n","protected":false},"excerpt":{"rendered":"<p>Lors de cette rencontre Seren Elmao\u011flu Be\u015firyan nous a parl\u00e9 de la carri\u00e8re professionnelle comme un voyage, une \u00e9tape dans la vie, un processus qui n&rsquo;avance pas toujours \u00e0 la m\u00eame vitesse, qui comporte des \u00e9checs et des r\u00e9ussites. Son [&hellip;]<\/p>\n","protected":false},"author":1,"featured_media":38678,"comment_status":"closed","ping_status":"closed","sticky":false,"template":"","format":"gallery","meta":{"_monsterinsights_skip_tracking":false,"_monsterinsights_sitenote_active":false,"_monsterinsights_sitenote_note":"","_monsterinsights_sitenote_category":0,"footnotes":""},"categories":[55],"tags":[],"class_list":["post-38839","post","type-post","status-publish","format-gallery","has-post-thumbnail","hentry","category-rencontres","post_format-post-format-gallery"],"_links":{"self":[{"href":"https:\/\/www.sp.k12.tr\/fr\/wp-json\/wp\/v2\/posts\/38839","targetHints":{"allow":["GET"]}}],"collection":[{"href":"https:\/\/www.sp.k12.tr\/fr\/wp-json\/wp\/v2\/posts"}],"about":[{"href":"https:\/\/www.sp.k12.tr\/fr\/wp-json\/wp\/v2\/types\/post"}],"author":[{"embeddable":true,"href":"https:\/\/www.sp.k12.tr\/fr\/wp-json\/wp\/v2\/users\/1"}],"replies":[{"embeddable":true,"href":"https:\/\/www.sp.k12.tr\/fr\/wp-json\/wp\/v2\/comments?post=38839"}],"version-history":[{"count":0,"href":"https:\/\/www.sp.k12.tr\/fr\/wp-json\/wp\/v2\/posts\/38839\/revisions"}],"wp:featuredmedia":[{"embeddable":true,"href":"https:\/\/www.sp.k12.tr\/fr\/wp-json\/wp\/v2\/media\/38678"}],"wp:attachment":[{"href":"https:\/\/www.sp.k12.tr\/fr\/wp-json\/wp\/v2\/media?parent=38839"}],"wp:term":[{"taxonomy":"category","embeddable":true,"href":"https:\/\/www.sp.k12.tr\/fr\/wp-json\/wp\/v2\/categories?post=38839"},{"taxonomy":"post_tag","embeddable":true,"href":"https:\/\/www.sp.k12.tr\/fr\/wp-json\/wp\/v2\/tags?post=38839"}],"curies":[{"name":"wp","href":"https:\/\/api.w.org\/{rel}","templated":true}]}}