{"id":38835,"date":"2021-05-28T07:45:24","date_gmt":"2021-05-28T04:45:24","guid":{"rendered":"https:\/\/www.sp.k12.tr\/?p=38835"},"modified":"2021-05-28T11:18:43","modified_gmt":"2021-05-28T08:18:43","slug":"nos-eleves-continuent-a-reflechir-et-a-creer-dans-leurs-cours-de-philosophie","status":"publish","type":"post","link":"https:\/\/www.sp.k12.tr\/fr\/nos-eleves-continuent-a-reflechir-et-a-creer-dans-leurs-cours-de-philosophie\/","title":{"rendered":"Nos \u00e9l\u00e8ves continuent \u00e0 r\u00e9fl\u00e9chir et \u00e0 cr\u00e9er dans leurs cours de philosophie"},"content":{"rendered":"<p>Les th\u00e8mes du num\u00e9ro de Printemps 2021 de la revue Folyos\u00f3 sont \u00ab\u00a0The Wall\u00a0\u00bb (Le mur) ve \u00ab\u00a0The Speech\u00a0\u00bb (Le discours).<\/p>\n<p>Que signifie le mur? Quelles sont ses fonctions, et comment influence-t-il notre vie? Les \u00e9l\u00e8ves des Lyc\u00e9e Varga Katalin et Sainte Pulch\u00e9rie ont trait\u00e9 de ces sujets dans leurs travaux philosophiques collectifs, ont adopt\u00e9 des perspectives diff\u00e9rentes et ont expos\u00e9 leur cr\u00e9ativit\u00e9.<\/p>\n<p>Ba\u015fak (11\u00e8me), Zeynep (10\u00e8me, Selin (11\u00e8me), Naz (11\u00e8me) ve Roza (10\u00e8me) ont r\u00e9ussi \u00e0 faire publier leurs textes dans le dossier th\u00e9matique \u201cThe Wall\u201d. Ce num\u00e9ro de la revue contient \u00e9galement un autre dossier th\u00e9matique autour de la notion \u201cThe Speech\u201d. Dans cette cat\u00e9gorie, les textes sont accompagn\u00e9s d&rsquo;enregistrements sonores. Vous pouvez lire et entendre ce que les auteurs disent de la lecture, de la transformation de soi, de la colonisation interplan\u00e9taire, des r\u00e9seaux sociaux, des requins, de l&rsquo;environnement et de l&rsquo;amour. Les \u00e9l\u00e8ves qui ont publi\u00e9 dans ce dossier sont Buse (11\u00e8me) ve Derin (10\u00e8me).<\/p>\n<p>&nbsp;<\/p>\n<p>Ba\u015fak (11\u00e8me), Derin (10\u00e8me) et Naz (11\u00e8me) partagent leurs sentiments et leurs id\u00e9es sur cette exp\u00e9rience de publication :<\/p>\n<p>\u00ab\u00a0Tout d&rsquo;abord, parce que l&rsquo;un de mes r\u00eaves est de devenir un \u00e9crivain dont les \u00e9crits sont appr\u00e9ci\u00e9s, et de prendre du plaisir \u00e0 mon travail, je remercie la revue de m&rsquo;avoir donn\u00e9 cette opportunit\u00e9. Quand j&rsquo;ai \u00e9crit en anglais, dans une langue autre que ma langue maternelle, je me suis forc\u00e9e \u00e0 sortir de ma zone de confort. Cela a renforc\u00e9 mon estime de soi. Les th\u00e8mes propos\u00e9s \u00e9taient absolument tr\u00e8s larges et d\u00e9pendaient de la cr\u00e9ativit\u00e9 de l&rsquo;auteur, et je trouve cela formidable. Je pense que je me suis exprim\u00e9e correctement en \u00e9crivant mon article. J&rsquo;ai \u00e9t\u00e9 tr\u00e8s heureuse d&rsquo;apprendre que mon article a \u00e9t\u00e9 accept\u00e9 pour la publication. Je remercie ma professeur Madame Nimet, mon \u00e9cole et la revue Folyos\u00f3 publi\u00e9e en Hongrie, de nous avoir donn\u00e9 cette chance. J&rsquo;esp\u00e8re que les lecteurs ont eu du plaisir \u00e0 lire mon texte.\u00a0\u00bb (Ba\u015fak)<\/p>\n<p>\u201cJe me suis senti encore plus libre en partageant mes sentiments et mes id\u00e9es avec le public international \u00e0 travers le revue Folyos\u00f3.\u00a0\u00bb (Derin)<\/p>\n<p>\u00ab\u00a0Auparavant, je n&rsquo;avais jamais \u00e9crit d&rsquo;article pour une revue. Je n&rsquo;avais jamais exprim\u00e9 mes sentiments et ma col\u00e8re de fa\u00e7on aussi claire devant personne. En \u00e9crivant ce texte, j&rsquo;ai mieux compris les \u00e9crivains. J&rsquo;ai mieux compris comment ils peuvent \u00e9crire leur col\u00e8re contre le monde, en toute tranquillit\u00e9. J&rsquo;aime lire les id\u00e9es philosophiques et les textes des autres. Cette activit\u00e9 m&rsquo;a permis de me sentir libre dans un pays o\u00f9 il y a des murs autour de l&rsquo;\u00e9criture.\u00a0\u00bb (Naz)<\/p>\n<p>En cliquant<a href=\"https:\/\/folyoso.com\/\"> ici<\/a> vous pouvez lire les textes des \u00e9l\u00e8ves, \u00e9couter leurs productions sonores.<\/p>\n","protected":false},"excerpt":{"rendered":"<p>Les th\u00e8mes du num\u00e9ro de Printemps 2021 de la revue Folyos\u00f3 sont \u00ab\u00a0The Wall\u00a0\u00bb (Le mur) ve \u00ab\u00a0The Speech\u00a0\u00bb (Le discours). Que signifie le mur? Quelles sont ses fonctions, et comment influence-t-il notre vie? Les \u00e9l\u00e8ves des Lyc\u00e9e Varga Katalin [&hellip;]<\/p>\n","protected":false},"author":1,"featured_media":38866,"comment_status":"closed","ping_status":"closed","sticky":false,"template":"","format":"gallery","meta":{"_monsterinsights_skip_tracking":false,"_monsterinsights_sitenote_active":false,"_monsterinsights_sitenote_note":"","_monsterinsights_sitenote_category":0,"footnotes":""},"categories":[55,57],"tags":[],"class_list":["post-38835","post","type-post","status-publish","format-gallery","has-post-thumbnail","hentry","category-rencontres","category-travaux-des-eleves","post_format-post-format-gallery"],"_links":{"self":[{"href":"https:\/\/www.sp.k12.tr\/fr\/wp-json\/wp\/v2\/posts\/38835","targetHints":{"allow":["GET"]}}],"collection":[{"href":"https:\/\/www.sp.k12.tr\/fr\/wp-json\/wp\/v2\/posts"}],"about":[{"href":"https:\/\/www.sp.k12.tr\/fr\/wp-json\/wp\/v2\/types\/post"}],"author":[{"embeddable":true,"href":"https:\/\/www.sp.k12.tr\/fr\/wp-json\/wp\/v2\/users\/1"}],"replies":[{"embeddable":true,"href":"https:\/\/www.sp.k12.tr\/fr\/wp-json\/wp\/v2\/comments?post=38835"}],"version-history":[{"count":0,"href":"https:\/\/www.sp.k12.tr\/fr\/wp-json\/wp\/v2\/posts\/38835\/revisions"}],"wp:featuredmedia":[{"embeddable":true,"href":"https:\/\/www.sp.k12.tr\/fr\/wp-json\/wp\/v2\/media\/38866"}],"wp:attachment":[{"href":"https:\/\/www.sp.k12.tr\/fr\/wp-json\/wp\/v2\/media?parent=38835"}],"wp:term":[{"taxonomy":"category","embeddable":true,"href":"https:\/\/www.sp.k12.tr\/fr\/wp-json\/wp\/v2\/categories?post=38835"},{"taxonomy":"post_tag","embeddable":true,"href":"https:\/\/www.sp.k12.tr\/fr\/wp-json\/wp\/v2\/tags?post=38835"}],"curies":[{"name":"wp","href":"https:\/\/api.w.org\/{rel}","templated":true}]}}