{"id":38671,"date":"2021-05-28T01:00:56","date_gmt":"2021-05-27T22:00:56","guid":{"rendered":"https:\/\/www.sp.k12.tr\/?p=38671"},"modified":"2021-08-31T15:18:17","modified_gmt":"2021-08-31T12:18:17","slug":"buzzons-contre-le-sexime-10eme-edition-des-eleves-plus-percutant-e-s-que-jamais","status":"publish","type":"post","link":"https:\/\/www.sp.k12.tr\/fr\/buzzons-contre-le-sexime-10eme-edition-des-eleves-plus-percutant-e-s-que-jamais\/","title":{"rendered":"BuZZons contre le sexime : 10\u00e8me \u00e9dition, des \u00e9l\u00e8ves plus percutant.e.s que jamais !"},"content":{"rendered":"<p><b>Un concours d\u00e9sormais inscrit dans notre curriculum<\/b><\/p>\n<p><span style=\"font-weight: 400;\">Depuis 2018, notre participation au concours de vid\u00e9os <\/span><a href=\"https:\/\/matilda.education\/mod\/page\/view.php?id=641\"><span style=\"font-weight: 400;\">BUZZONS CONTRE LE SEXISME<\/span><\/a><span style=\"font-weight: 400;\"> est devenue incontournable, pleinement int\u00e9gr\u00e9e \u00e0 notre progression p\u00e9dagogique.<\/span><\/p>\n<p><span style=\"font-weight: 400;\">Le sc\u00e9nario est imagin\u00e9 pendant du temps scolaire avec le conseil des professeurs-r\u00e9f\u00e9rents. Le tournage, la r\u00e9alisation et le montage sont effectu\u00e9s en totale autonomie.<\/span><\/p>\n<p><b>Qu\u2019en a-t-il \u00e9t\u00e9 des \u00e9ditions sous l\u2019\u00e8re COVID-19 ?<\/b><\/p>\n<p><span style=\"font-weight: 400;\">En 2020, juste avant la fermeture des \u00e9coles au mois de mars, nous avions pu effectuer la s\u00e9ance de visionnage et de vote des vid\u00e9os \u00e0 envoyer en France. <\/span><span style=\"font-weight: 400;\"><br \/>\n<\/span><span style=\"font-weight: 400;\">La \u2018\u2019bonne surprise\u2019\u2019 a \u00e9t\u00e9 le fait que la <\/span><a href=\"https:\/\/vimeo.com\/431072365\"><span style=\"font-weight: 400;\">remise des prix<\/span><\/a><span style=\"font-weight: 400;\"> s\u2019est exceptionnellement faite en ligne en raison de la crise sanitaire, et que donc, contrairement aux ann\u00e9es pr\u00e9c\u00e9dentes, les \u00e9l\u00e8ves dont la vid\u00e9o avait \u00e9t\u00e9 pr\u00e9s\u00e9lectionn\u00e9e ont pu y participer et \u00e9couter les retours personnalis\u00e9s d\u2019un membre du Jury.<\/span><\/p>\n<p><span style=\"font-weight: 400;\">En 2021, nous avions lanc\u00e9 le concours de la m\u00eame mani\u00e8re que d\u2019habitude en fin de premier semestre : la r\u00e9flexion sur des objectifs et un public-cible puis l\u2019\u00e9criture d\u2019un synopsis. En distanciel, les \u00e9quipes form\u00e9es par affinit\u00e9 pouvaient \u00eatre encore plus facilement que d\u2019habitude interclasse.<\/span><\/p>\n<p><span style=\"font-weight: 400;\">Prenant ensuite bonne note d\u00e9but mars que le pr\u00e9sentiel ne se remettrait pas en place, nous avons laiss\u00e9 deux choix aux \u00e9quipes : soit tourner une vid\u00e9o correspondant aux crit\u00e8res habituels, soit enrichir leur sc\u00e9nario avec des audios et des \u00e9l\u00e9ments visuels. Nous sommes particuli\u00e8rement fiers de tous ces \u00e9l\u00e8ves qui ont su aller au bout de ce projet, et ceci dans des conditions tr\u00e8s particuli\u00e8res !<\/span><span style=\"font-weight: 400;\"><br \/>\n<\/span><span style=\"font-weight: 400;\">Au terme de ce travail, les diff\u00e9rentes \u00e9quipes ont pr\u00e9sent\u00e9 \u00e0 l\u2019ensemble des \u00e9l\u00e8ves leurs objectifs, puis ont (auto-)\u00e9valu\u00e9 la pertinence et l\u2019efficacit\u00e9 de leurs strat\u00e9gies. <\/span><span style=\"font-weight: 400;\"><br \/>\n<\/span><span style=\"font-weight: 400;\">Mais, contrairement \u00e0 d\u2019habitude, ces partages se sont tenus en pr\u00e9sence des deux organisatrices du concours BUZZONS CONTRE LE SEXISME, Barbara et Jos\u00e9fine.<\/span><\/p>\n<p><span style=\"font-weight: 400;\">Quelle chance de b\u00e9n\u00e9ficier de leur regard bienveillant et de leurs dix ann\u00e9es d\u2019exp\u00e9rience et de visionnage de productions d\u2019\u00e9l\u00e8ves !\u00a0<\/span><\/p>\n<p><span style=\"font-weight: 400;\">Merci \u00e0 elles d\u2019avoir examin\u00e9 les productions qui leur ont \u00e9t\u00e9 soumises la veille de leur intervention : pour des \u00e9l\u00e8ves en distanciel depuis plus d\u2019un an, et m\u00eame pour ceux dont les productions ne seront finalement pas envoy\u00e9s pour le concours, c\u2019est la satisfaction d\u2019avoir travaill\u00e9 pour un public r\u00e9el, d\u2019avoir pu faire entendre leurs objectifs et ce en quoi la sous-th\u00e9matique du sexisme choisie leur importe, en dehors des seules obligations scolaires.<\/span><\/p>\n<p><span style=\"font-weight: 400;\">La vid\u00e9o \u2018\u2019Point de rupture\u2019\u2019 est en lice pour la finale nationale et les scenarii devraient \u00eatre mis en valeur sur le site des organisateurs.\u00a0<\/span><\/p>\n<div style=\"width: 1100px;\" class=\"wp-video\"><!--[if lt IE 9]><script>document.createElement('video');<\/script><![endif]-->\n<video class=\"wp-video-shortcode\" id=\"video-38671-1\" width=\"1100\" height=\"619\" preload=\"metadata\" controls=\"controls\"><source type=\"video\/mp4\" src=\"https:\/\/www.sp.k12.tr\/wp-content\/uploads\/2021\/05\/POINT_DE_RUPTURE_1.mp4?_=1\" \/><a href=\"https:\/\/www.sp.k12.tr\/wp-content\/uploads\/2021\/05\/POINT_DE_RUPTURE_1.mp4\">https:\/\/www.sp.k12.tr\/wp-content\/uploads\/2021\/05\/POINT_DE_RUPTURE_1.mp4<\/a><\/video><\/div>\n<p><span style=\"font-weight: 400;\">Rendez-vous est pris pour la remise des prix du 9 juin, en ligne !<\/span><\/p>\n<p><span style=\"font-weight: 400;\">Vous retrouverez en pi\u00e8ce jointe (en fran\u00e7ais) les notes d\u2019intention des \u00e9quipes dont les productions (1 vid\u00e9o et 4 scenarii) ont \u00e9t\u00e9 particuli\u00e8rement remarqu\u00e9es cette ann\u00e9e.<\/span><\/p>\n","protected":false},"excerpt":{"rendered":"<p>Un concours d\u00e9sormais inscrit dans notre curriculum Depuis 2018, notre participation au concours de vid\u00e9os BUZZONS CONTRE LE SEXISME est devenue incontournable, pleinement int\u00e9gr\u00e9e \u00e0 notre progression p\u00e9dagogique. Le sc\u00e9nario est imagin\u00e9 pendant du temps scolaire avec le conseil des [&hellip;]<\/p>\n","protected":false},"author":1,"featured_media":38876,"comment_status":"closed","ping_status":"closed","sticky":false,"template":"","format":"gallery","meta":{"_monsterinsights_skip_tracking":false,"_monsterinsights_sitenote_active":false,"_monsterinsights_sitenote_note":"","_monsterinsights_sitenote_category":0,"footnotes":""},"categories":[57],"tags":[],"class_list":["post-38671","post","type-post","status-publish","format-gallery","has-post-thumbnail","hentry","category-travaux-des-eleves","post_format-post-format-gallery"],"_links":{"self":[{"href":"https:\/\/www.sp.k12.tr\/fr\/wp-json\/wp\/v2\/posts\/38671","targetHints":{"allow":["GET"]}}],"collection":[{"href":"https:\/\/www.sp.k12.tr\/fr\/wp-json\/wp\/v2\/posts"}],"about":[{"href":"https:\/\/www.sp.k12.tr\/fr\/wp-json\/wp\/v2\/types\/post"}],"author":[{"embeddable":true,"href":"https:\/\/www.sp.k12.tr\/fr\/wp-json\/wp\/v2\/users\/1"}],"replies":[{"embeddable":true,"href":"https:\/\/www.sp.k12.tr\/fr\/wp-json\/wp\/v2\/comments?post=38671"}],"version-history":[{"count":0,"href":"https:\/\/www.sp.k12.tr\/fr\/wp-json\/wp\/v2\/posts\/38671\/revisions"}],"wp:featuredmedia":[{"embeddable":true,"href":"https:\/\/www.sp.k12.tr\/fr\/wp-json\/wp\/v2\/media\/38876"}],"wp:attachment":[{"href":"https:\/\/www.sp.k12.tr\/fr\/wp-json\/wp\/v2\/media?parent=38671"}],"wp:term":[{"taxonomy":"category","embeddable":true,"href":"https:\/\/www.sp.k12.tr\/fr\/wp-json\/wp\/v2\/categories?post=38671"},{"taxonomy":"post_tag","embeddable":true,"href":"https:\/\/www.sp.k12.tr\/fr\/wp-json\/wp\/v2\/tags?post=38671"}],"curies":[{"name":"wp","href":"https:\/\/api.w.org\/{rel}","templated":true}]}}