{"id":38605,"date":"2021-05-19T08:59:58","date_gmt":"2021-05-19T05:59:58","guid":{"rendered":"https:\/\/www.sp.k12.tr\/?p=38605"},"modified":"2021-05-19T08:59:58","modified_gmt":"2021-05-19T05:59:58","slug":"19-mai-commemoration-dataturk-et-fete-de-la-jeunesse-et-des-sports","status":"publish","type":"post","link":"https:\/\/www.sp.k12.tr\/fr\/19-mai-commemoration-dataturk-et-fete-de-la-jeunesse-et-des-sports\/","title":{"rendered":"19 Mai : Comm\u00e9moration d\u2019Atat\u00fcrk et F\u00eate de la Jeunesse et des Sports"},"content":{"rendered":"<p><span style=\"font-weight: 400;\">Le 19 mai est l\u2019anniversaire d\u2019une date charni\u00e8re : le 19 mai 1919, notre grand leader Mustafa Kemal Atat\u00fcrk a d\u00e9barqu\u00e9 \u00e0 Samsun pour d\u00e9buter la Guerre d\u2019ind\u00e9pendance nationale, pour allumer le flambeau de l\u2019ind\u00e9pendance. Ses travaux et ses congr\u00e8s qui pr\u00e9c\u00e9d\u00e8rent cette date, furent poursuivis avec la nation ayant foi en lui en menant le combat de l\u2019ind\u00e9pendance. Puis, \u00e0 la victoire, Mustafa Kemal Atat\u00fcrk a d\u00e9di\u00e9 et offert cette journ\u00e9e phare \u00e0 la jeunesse afin que notre pays se d\u00e9veloppe et que son avenir soit victorieux.\u00a0<\/span><\/p>\n<p><span style=\"font-weight: 400;\">Atat\u00fcrk, exprime ainsi dans son Discours, ce qui l\u2019a motiv\u00e9 \u00e0 d\u00e9clarer cette journ\u00e9e F\u00eate de la jeunesse :<\/span><\/p>\n<p><span style=\"font-weight: 400;\">\u201cJ\u2019adresse ces mots en particulier \u00e0 la jeunesse de la patrie. Jeunes, c\u2019est vous qui nous donnez du courage et qui le renouvelez. Gr\u00e2ce \u00e0 votre \u00e9ducation et votre culture, vous serez les porteurs les plus pr\u00e9cieux des vertus de l\u2019humanit\u00e9, de l\u2019amour de la patrie, de la libert\u00e9 de la pens\u00e9e. G\u00e9n\u00e9rations en essor, l\u2019avenir vous appartient. Nous avons fond\u00e9 la R\u00e9publique, c\u2019est \u00e0 vous de la faire grandir et vivre!\u201d<\/span><\/p>\n<p><span style=\"font-weight: 400;\">Pour Mustafa Kemal Atat\u00fcrk, la jeunesse a une importance particuli\u00e8re. Durant les ann\u00e9es de la Guerre d\u2019ind\u00e9pendance, il avait bien vu que les \u201cid\u00e9es jeunes\u201d \u00e9taient capables de combattre les id\u00e9es obsol\u00e8tes et obscurantistes. Le grand leader a dit : \u201cD\u2019avoir les id\u00e9es jeunes, c\u2019est de voir et de comprendre la v\u00e9rit\u00e9 avec des id\u00e9es r\u00e9elles.\u201d Il a ainsi red\u00e9fini la jeunesse des id\u00e9es sans limite d\u2019\u00e2ge. Il affirma : \u201cJeunes, qui avez la mission de r\u00e9aliser mes objectifs dans l\u2019avenir ! Je suis tr\u00e8s heureux de vous l\u00e9guer un jour notre patrie \u00e0 une jeunesse qui aura compris mes id\u00e9aux.\u201d\u00a0<\/span><\/p>\n<p><span style=\"font-weight: 400;\">Par ailleurs, il a d\u00e9clar\u00e9 que cette date, qui marque les premiers pas de la lutte nationale, sera d\u00e9finie comme sa date d\u2019anniversaire afin d\u2019attirer l\u2019attention sur son importance.<\/span><\/p>\n<p><span style=\"font-weight: 400;\">Nous n\u2019avons aucun doute que les jeunes \u00e9clair\u00e9s, garants des lendemains et de la R\u00e9publique de Turquie, suivront la lumi\u00e8re de la science, progresseront avec d\u00e9termination et pers\u00e9v\u00e9rance, avec assurance. Vous avez un r\u00f4le important \u00e0 jouer dans la transmission des principes et les r\u00e9volutions d\u2019Atat\u00fcrk, de nos valeurs morales et nationales. Vous accomplirez cette mission avec brio. Car, vous \u00eates les jeunes nobles, pacifiques et exemplaires pour le monde entier, vous \u00eates les jeunes de Mustafa Kemal Atat\u00fcrk !\u00a0\u00a0<\/span><\/p>\n<p><span style=\"font-weight: 400;\">\u201cLa force dont vous avez besoin coule dans le sang noble de vos veines !\u201d\u00a0<\/span><\/p>\n<p><span style=\"font-weight: 400;\">Bonne f\u00eate de la jeunesse et des sports.<\/span><\/p>\n","protected":false},"excerpt":{"rendered":"<p>Le 19 mai est l\u2019anniversaire d\u2019une date charni\u00e8re : le 19 mai 1919, notre grand leader Mustafa Kemal Atat\u00fcrk a d\u00e9barqu\u00e9 \u00e0 Samsun pour d\u00e9buter la Guerre d\u2019ind\u00e9pendance nationale, pour allumer le flambeau de l\u2019ind\u00e9pendance. Ses travaux et ses congr\u00e8s [&hellip;]<\/p>\n","protected":false},"author":1,"featured_media":38607,"comment_status":"closed","ping_status":"closed","sticky":false,"template":"","format":"gallery","meta":{"_monsterinsights_skip_tracking":false,"_monsterinsights_sitenote_active":false,"_monsterinsights_sitenote_note":"","_monsterinsights_sitenote_category":0,"footnotes":""},"categories":[52],"tags":[],"class_list":["post-38605","post","type-post","status-publish","format-gallery","has-post-thumbnail","hentry","category-ceremonies-et-histoire","post_format-post-format-gallery"],"_links":{"self":[{"href":"https:\/\/www.sp.k12.tr\/fr\/wp-json\/wp\/v2\/posts\/38605","targetHints":{"allow":["GET"]}}],"collection":[{"href":"https:\/\/www.sp.k12.tr\/fr\/wp-json\/wp\/v2\/posts"}],"about":[{"href":"https:\/\/www.sp.k12.tr\/fr\/wp-json\/wp\/v2\/types\/post"}],"author":[{"embeddable":true,"href":"https:\/\/www.sp.k12.tr\/fr\/wp-json\/wp\/v2\/users\/1"}],"replies":[{"embeddable":true,"href":"https:\/\/www.sp.k12.tr\/fr\/wp-json\/wp\/v2\/comments?post=38605"}],"version-history":[{"count":0,"href":"https:\/\/www.sp.k12.tr\/fr\/wp-json\/wp\/v2\/posts\/38605\/revisions"}],"wp:featuredmedia":[{"embeddable":true,"href":"https:\/\/www.sp.k12.tr\/fr\/wp-json\/wp\/v2\/media\/38607"}],"wp:attachment":[{"href":"https:\/\/www.sp.k12.tr\/fr\/wp-json\/wp\/v2\/media?parent=38605"}],"wp:term":[{"taxonomy":"category","embeddable":true,"href":"https:\/\/www.sp.k12.tr\/fr\/wp-json\/wp\/v2\/categories?post=38605"},{"taxonomy":"post_tag","embeddable":true,"href":"https:\/\/www.sp.k12.tr\/fr\/wp-json\/wp\/v2\/tags?post=38605"}],"curies":[{"name":"wp","href":"https:\/\/api.w.org\/{rel}","templated":true}]}}