{"id":38591,"date":"2021-05-17T08:28:49","date_gmt":"2021-05-17T05:28:49","guid":{"rendered":"https:\/\/www.sp.k12.tr\/?p=38591"},"modified":"2021-08-31T16:08:28","modified_gmt":"2021-08-31T13:08:28","slug":"en-direct-des-facs-alara-etudiante-en-psychologie-a-luniversite-de-bordeaux-et-au-cours-florent","status":"publish","type":"post","link":"https:\/\/www.sp.k12.tr\/fr\/en-direct-des-facs-alara-etudiante-en-psychologie-a-luniversite-de-bordeaux-et-au-cours-florent\/","title":{"rendered":"En direct des facs : Alara, \u00e9tudiante en Psychologie \u00e0 l\u2019Universit\u00e9 de Bordeaux et au Cours Florent"},"content":{"rendered":"<p><b>Qu\u2019est-ce qui t\u2019a men\u00e9e vers ce pays, ces \u00e9tudes, cette ville?<\/b><\/p>\n<p><span style=\"font-weight: 400;\">L\u2019atmosph\u00e8re de libert\u00e9 de penser, de parler, de partager, je l\u2019ai go\u00fbt\u00e9 tr\u00e8s rarement ailleurs. Cela a eu beaucoup d\u2019influence sur le choix d\u2019orientation qui m\u2019a\u00a0 permis d\u2019\u00e9tudier dans un d\u00e9partement o\u00f9 je peux avoir la libert\u00e9 d\u2019expression et o\u00f9 je peux \u00eatre productive. Ici, j\u2019ai eu le concours des universit\u00e9s que je souhaitais int\u00e9grer, y compris Galatasaray. En 12\u00e8me, je voulais faire du droit, c\u2019est pourquoi je voulais aller \u00e0 la Sorbonne. \u00c0 la fin de l\u2019\u00e9t\u00e9, je suis all\u00e9e \u00e0 Paris \u00e0 la Sorbonne car les \u00e9tudes commen\u00e7aient avant Galatasaray. J\u2019ai compris que cela ne m\u2019int\u00e9ressait pas et je suis retourn\u00e9e \u00e0 Galatasaray. Pendant un an, j\u2019ai \u00e9tudi\u00e9 dans le d\u00e9partement de Communication. Mais je me sentais mal \u00e0 l\u2019aise car j\u2019avais l\u2019impression de ne pas avoir fait le bon choix. Je ne voulais pas vivre dans ce doute. \u00c0 ce moment-l\u00e0 je suis retourn\u00e9e \u00e0 Sainte Pulch\u00e9rie avec mon ordinateur, et j\u2019ai demand\u00e9 l\u2019avis de mes professeurs. J\u2019ai donc refait un dossier de candidature pour la France. J\u2019ai \u00e9t\u00e9 admise \u00e0 l\u2019Universit\u00e9 de Bordeaux en psychologie. \u00c0 l\u2019\u00e9poque, M Thierry m\u2019a dit : \u201cje sais que tu vas aller dans des directions multiples, mais finalement tu vas t\u2019enraciner et tu seras heureuse. Donne-toi un peu de temps.\u201d Et cela s\u2019est pass\u00e9 exactement de cette fa\u00e7on.<\/span><\/p>\n<p><b>Avais-tu des inqui\u00e9tudes quand tu es partie en France?<\/b><\/p>\n<p><span style=\"font-weight: 400;\">J\u2019avais de la chance car je suis all\u00e9e dans une ville o\u00f9 je connaissais beaucoup de monde. J\u2019ai eu quelques difficult\u00e9s \u00e0 me faire des amis fran\u00e7ais mais continuer \u00e0 faire du th\u00e9\u00e2tre m&rsquo;a beaucoup aid\u00e9e. Sur la sc\u00e8ne, vous \u00eates sans cesse en communication avec les autres. C\u2019est tr\u00e8s important \u00e0 la fois pour bien apprendre la langue et pour se faire des amis fran\u00e7ais. Quant aux cours, des groupes Facebook ont \u00e9t\u00e9 utiles. Ici, beaucoup de choses me manquent bien \u00e9videmment mais Monsieur Abellan m\u2019avait dit : \u201cLes six premiers mois sont les plus difficiles, puis tu pourras y rester.\u201d Et cela s\u2019est pass\u00e9 comme \u00e7a.<\/span><\/p>\n<p><b>Comment as-tu trouv\u00e9 un logement?<\/b><\/p>\n<p><span style=\"font-weight: 400;\">J\u2019ai d\u2019abord s\u00e9journ\u00e9 dans une r\u00e9sidence. J&rsquo;ai postul\u00e9 deux mois avant les cours. \u00c0 la r\u00e9sidence, il y a toujours du monde. Mais en m\u00eame temps, il est possible d\u2019avoir un espace seul. Ceux qui pourraient avoir quelques difficult\u00e9s, je leur conseille de suivre les annonces et de postuler pour la CAF (Caisse d\u2019allocations Familiales).<\/span><\/p>\n<p><b>Comment se passe la p\u00e9riode de la pand\u00e9mie en France?<\/b><\/p>\n<p><span style=\"font-weight: 400;\">Au d\u00e9but, les cours ont \u00e9t\u00e9 annul\u00e9s. On recevait seulement des notes de cours, on n\u2019avait pas cours en pr\u00e9sentiel. Ce n\u2019\u00e9tait pas comme au Lyc\u00e9e Sainte Pulch\u00e9rie qui s\u2019\u00e9tait tr\u00e8s bien adapt\u00e9 \u00e0 la pand\u00e9mie. Le th\u00e9\u00e2tre a \u00e9t\u00e9 tr\u00e8s utile pour moi. Avec une autorisation sp\u00e9ciale, je pouvais aller trois-quatre fois par semaine \u00e0 l\u2019\u00e9cole.<\/span><\/p>\n<p><b>Quel est ton message aux \u00e9l\u00e8ves de Sainte Pulch\u00e9rie ?<\/b><\/p>\n<p><span style=\"font-weight: 400;\">Les ann\u00e9es lyc\u00e9e \u00e9taient les meilleures ann\u00e9es de ma vie. Je suis tr\u00e8s \u00e9mue quand j\u2019en parle\u2026 Les amis de lyc\u00e9e, c\u2019est incomparable. J\u2019ai grandi avec eux. Je dis aux \u00e9l\u00e8ves d\u2019en profiter. Profitez aussi des connaissances de vos professeurs. Ce sont vraiment des personnes de grande qualit\u00e9. N\u2019h\u00e9sitez pas \u00e0 leur parler quand vous vous sentez perdus. Les professeurs sont des \u00eatres humains comme nous. Ce qui a embelli ma vie scolaire a \u00e9t\u00e9 le Club de th\u00e9\u00e2tre. J\u2019y ai beaucoup appris. Et puis, n\u2019ayez pas de regrets. Sainte Pulch\u00e9rie vous donne beaucoup d\u2019opportunit\u00e9s. On ne s\u2019en rend pas compte quand on est au lyc\u00e9e mais une fois \u00e0 l\u2019universit\u00e9, on se dit \u201cah oui, j\u2019avais d\u00e9j\u00e0 lu \u00e7a ; telle personne nous en avait parl\u00e9\u201d. Cela m\u2019arrive tr\u00e8s souvent. Enfin, si vous \u00eates confus, dites-vous que c\u2019est normal et que tout le monde passe par l\u00e0.\u00a0<\/span><\/p>\n","protected":false},"excerpt":{"rendered":"<p>Qu\u2019est-ce qui t\u2019a men\u00e9e vers ce pays, ces \u00e9tudes, cette ville? L\u2019atmosph\u00e8re de libert\u00e9 de penser, de parler, de partager, je l\u2019ai go\u00fbt\u00e9 tr\u00e8s rarement ailleurs. Cela a eu beaucoup d\u2019influence sur le choix d\u2019orientation qui m\u2019a\u00a0 permis d\u2019\u00e9tudier dans [&hellip;]<\/p>\n","protected":false},"author":1,"featured_media":38600,"comment_status":"closed","ping_status":"closed","sticky":false,"template":"post-template.php","format":"gallery","meta":{"_monsterinsights_skip_tracking":false,"_monsterinsights_sitenote_active":false,"_monsterinsights_sitenote_note":"","_monsterinsights_sitenote_category":0,"footnotes":""},"categories":[412,400],"tags":[],"class_list":["post-38591","post","type-post","status-publish","format-gallery","has-post-thumbnail","hentry","category-en-direct-des-facs","category-general","post_format-post-format-gallery"],"_links":{"self":[{"href":"https:\/\/www.sp.k12.tr\/fr\/wp-json\/wp\/v2\/posts\/38591","targetHints":{"allow":["GET"]}}],"collection":[{"href":"https:\/\/www.sp.k12.tr\/fr\/wp-json\/wp\/v2\/posts"}],"about":[{"href":"https:\/\/www.sp.k12.tr\/fr\/wp-json\/wp\/v2\/types\/post"}],"author":[{"embeddable":true,"href":"https:\/\/www.sp.k12.tr\/fr\/wp-json\/wp\/v2\/users\/1"}],"replies":[{"embeddable":true,"href":"https:\/\/www.sp.k12.tr\/fr\/wp-json\/wp\/v2\/comments?post=38591"}],"version-history":[{"count":0,"href":"https:\/\/www.sp.k12.tr\/fr\/wp-json\/wp\/v2\/posts\/38591\/revisions"}],"wp:featuredmedia":[{"embeddable":true,"href":"https:\/\/www.sp.k12.tr\/fr\/wp-json\/wp\/v2\/media\/38600"}],"wp:attachment":[{"href":"https:\/\/www.sp.k12.tr\/fr\/wp-json\/wp\/v2\/media?parent=38591"}],"wp:term":[{"taxonomy":"category","embeddable":true,"href":"https:\/\/www.sp.k12.tr\/fr\/wp-json\/wp\/v2\/categories?post=38591"},{"taxonomy":"post_tag","embeddable":true,"href":"https:\/\/www.sp.k12.tr\/fr\/wp-json\/wp\/v2\/tags?post=38591"}],"curies":[{"name":"wp","href":"https:\/\/api.w.org\/{rel}","templated":true}]}}