{"id":38448,"date":"2021-05-27T14:02:25","date_gmt":"2021-05-27T11:02:25","guid":{"rendered":"https:\/\/www.sp.k12.tr\/?p=38448"},"modified":"2021-05-28T11:04:28","modified_gmt":"2021-05-28T08:04:28","slug":"les-10eme-parlent-de-litterature-sur-radio-pulcherie","status":"publish","type":"post","link":"https:\/\/www.sp.k12.tr\/fr\/les-10eme-parlent-de-litterature-sur-radio-pulcherie\/","title":{"rendered":"Les 10\u00e8me parlent de litt\u00e9rature sur Radio Pulch\u00e9rie"},"content":{"rendered":"<p dir=\"ltr\">Ce projet avait pour objectif d\u2019associer la cr\u00e9ation litt\u00e9raire et la cr\u00e9ation radiophonique. Cette ann\u00e9e, les \u00e9l\u00e8ves de 10\u00e8me ont d\u00e9couvert la litt\u00e9rature en fran\u00e7ais. Avec ce projet, ils ont, pour la premi\u00e8re fois, \u00e9crit des textes d\u2019invention litt\u00e9raire en fran\u00e7ais. Ils les ont ensuite interpr\u00e9t\u00e9s pour la radio.<\/p>\n<p dir=\"ltr\">Les trois \u00e9l\u00e8ves en charge du projet racontent : <i>\u00ab\u00a0l\u2019ing\u00e9nierie du projet a dur\u00e9 des jours. Nous avons discut\u00e9 et partag\u00e9 nos id\u00e9es avec nos amies et nos professeurs. Nous avons tout pr\u00e9par\u00e9 ensemble. L&rsquo;exp\u00e9rience \u00e9tait tr\u00e8s unique. Nous nous sommes senties comme de vraies professeures. Dans l&rsquo;un de nos cours de fran\u00e7ais, nous avons pris la parole pour pr\u00e9senter et expliquer le projet \u00e0 nos classes et nous avons ensuite discut\u00e9 du projet avec nos amis. Nous avions 2 groupes par classe et les \u00e9l\u00e8ves \u00e9taient libres de travailler en bin\u00f4me ou seuls. Apr\u00e8s la r\u00e9daction, nous avons choisi une m\u00e9thode diff\u00e9rente pour corriger les travaux des \u00e9l\u00e8ves. Nous avons eu une s\u00e9ance d&rsquo;autocorrection par les pairs. Puis, il \u00e9tait temps d&rsquo;enregistrer ! Cela nous a aid\u00e9s \u00e0 devenir plus confiants en fran\u00e7ais, \u00e0 utiliser notre langue, notre voix dans un format radio\u00a0\u00bb.\u00a0<\/i><\/p>\n<p dir=\"ltr\">Et de poursuivre : <i>\u00ab\u00a0Gr\u00e2ce \u00e0 ce projet, nous avons eu la chance d&rsquo;am\u00e9liorer notre niveau de fran\u00e7ais, nous avons \u00e9chang\u00e9 des id\u00e9es. Cela a \u00e9galement \u00e9t\u00e9 l\u2019occasion de mieux conna\u00eetre nos amis, desquels nous sommes devenus plus proches et c&rsquo;\u00e9tait vraiment agr\u00e9able. Surtout, nous avons d\u00e9velopp\u00e9 un go\u00fbt pour la culture et la litt\u00e9rature. D\u2019apr\u00e8s nous, c\u2019\u00e9tait un projet cr\u00e9atif et nous \u00e9tions contents de faire du travail de groupe.Tout le monde a beaucoup travaill\u00e9 et nous pensons que nos efforts ont port\u00e9 leurs fruits\u00a0\u00bb.\u00a0<\/i><\/p>\n<p dir=\"ltr\">Dates de diffusion sur <a href=\"https:\/\/www.radiopulcherie.com\">Radio Pulch\u00e9rie<\/a>\u00a0:<\/p>\n<p dir=\"ltr\"><strong>RADIO LITT\u00c9RAIRE &#8211; 10C<\/strong><\/p>\n<p dir=\"ltr\"><strong>Groupe 1 : \u00a0tous les jours \u00e0\u00a013h40<br \/>\nGroupe 2 :\u00a0 tous les jours \u00e0\u00a012h10<\/strong><\/p>\n","protected":false},"excerpt":{"rendered":"<p>Ce projet avait pour objectif d\u2019associer la cr\u00e9ation litt\u00e9raire et la cr\u00e9ation radiophonique. Cette ann\u00e9e, les \u00e9l\u00e8ves de 10\u00e8me ont d\u00e9couvert la litt\u00e9rature en fran\u00e7ais. Avec ce projet, ils ont, pour la premi\u00e8re fois, \u00e9crit des textes d\u2019invention litt\u00e9raire en [&hellip;]<\/p>\n","protected":false},"author":1,"featured_media":38585,"comment_status":"closed","ping_status":"closed","sticky":false,"template":"","format":"gallery","meta":{"_monsterinsights_skip_tracking":false,"_monsterinsights_sitenote_active":false,"_monsterinsights_sitenote_note":"","_monsterinsights_sitenote_category":0,"footnotes":""},"categories":[57],"tags":[],"class_list":["post-38448","post","type-post","status-publish","format-gallery","has-post-thumbnail","hentry","category-travaux-des-eleves","post_format-post-format-gallery"],"_links":{"self":[{"href":"https:\/\/www.sp.k12.tr\/fr\/wp-json\/wp\/v2\/posts\/38448","targetHints":{"allow":["GET"]}}],"collection":[{"href":"https:\/\/www.sp.k12.tr\/fr\/wp-json\/wp\/v2\/posts"}],"about":[{"href":"https:\/\/www.sp.k12.tr\/fr\/wp-json\/wp\/v2\/types\/post"}],"author":[{"embeddable":true,"href":"https:\/\/www.sp.k12.tr\/fr\/wp-json\/wp\/v2\/users\/1"}],"replies":[{"embeddable":true,"href":"https:\/\/www.sp.k12.tr\/fr\/wp-json\/wp\/v2\/comments?post=38448"}],"version-history":[{"count":0,"href":"https:\/\/www.sp.k12.tr\/fr\/wp-json\/wp\/v2\/posts\/38448\/revisions"}],"wp:featuredmedia":[{"embeddable":true,"href":"https:\/\/www.sp.k12.tr\/fr\/wp-json\/wp\/v2\/media\/38585"}],"wp:attachment":[{"href":"https:\/\/www.sp.k12.tr\/fr\/wp-json\/wp\/v2\/media?parent=38448"}],"wp:term":[{"taxonomy":"category","embeddable":true,"href":"https:\/\/www.sp.k12.tr\/fr\/wp-json\/wp\/v2\/categories?post=38448"},{"taxonomy":"post_tag","embeddable":true,"href":"https:\/\/www.sp.k12.tr\/fr\/wp-json\/wp\/v2\/tags?post=38448"}],"curies":[{"name":"wp","href":"https:\/\/api.w.org\/{rel}","templated":true}]}}