{"id":38369,"date":"2021-04-23T08:04:57","date_gmt":"2021-04-23T05:04:57","guid":{"rendered":"https:\/\/www.sp.k12.tr\/?p=38369"},"modified":"2021-04-23T08:04:57","modified_gmt":"2021-04-23T05:04:57","slug":"23-avril-fete-de-la-souverainete-nationale-et-des-enfants","status":"publish","type":"post","link":"https:\/\/www.sp.k12.tr\/fr\/23-avril-fete-de-la-souverainete-nationale-et-des-enfants\/","title":{"rendered":"23 avril, \u00ab\u00a0F\u00eate de la souverainet\u00e9 nationale et des enfants\u00a0\u00bb !"},"content":{"rendered":"<p>L&rsquo;ind\u00e9pendance nationale signifie l&rsquo;ind\u00e9pendance de tout esclavage, de toute domination ou de toute soumission aux autres nations, c&rsquo;est le libre arbitre de la nation qui vit librement sur les terres de sa patrie et qui n&rsquo;est contr\u00f4l\u00e9e par aucune autre force ext\u00e9rieure. L&rsquo;ind\u00e9pendance nationale est la libert\u00e9 de la nation, le combat contre le colonialisme, c&rsquo;est l&rsquo;insoumission.<\/p>\n<p>Le 23 avril 1920, est une date charni\u00e8re de l&rsquo;histoire, le moment o\u00f9 la nation turque a d\u00e9montr\u00e9 son esprit d&rsquo;ind\u00e9pendance. Ce moment charni\u00e8re, c&rsquo;est la Guerre d&rsquo;ind\u00e9pendance gagn\u00e9e par les h\u00e9ros qui se sont r\u00e9volt\u00e9s contre les ennemis de l&rsquo;int\u00e9rieur et de l&rsquo;\u00e9tranger, contre ceux qui ob\u00e9issaient au Sultan Vahdettin, lui-m\u00eame soumis aux forces qui ont occup\u00e9 le pays. Le grand leader <span style=\"font-weight: 400;\">Mustafa Kemal Atat\u00fcrk, a d\u00e9clar\u00e9 la souverainet\u00e9 inconditionnelle de la nationale en inaugurant la Grande Assembl\u00e9e Nationale de Turquie.<\/span><\/p>\n<p>C&rsquo;est ainsi que <span style=\"font-weight: 400;\">Mustafa Kemal Atat\u00fcrk exprime la puissance et l&rsquo;importance de la souverainet\u00e9 nationale :<\/span><\/p>\n<p><span style=\"font-weight: 400;\">\u201cLe monde entier doit le savoir, cet Etat et cette nation ne sont d\u00e9sormais sous le joug d&rsquo;aucune autre force, d&rsquo;aucune autre autorit\u00e9. Il n&rsquo;y a plus qu&rsquo;une puissance : la souverainet\u00e9 nationale. C&rsquo;est le coeur, la conscience et la pr\u00e9sence de la nation.\u00a0\u00bb<\/span><\/p>\n<p>\u00ab\u00a0La souverainet\u00e9 appartient inconditionnellement \u00e0 la nation.\u00a0\u00bb<\/p>\n<p>Pendant la Guerre d&rsquo;ind\u00e9pendance, le v\u00e9t\u00e9ran Mustafa Kemal, a men\u00e9 la lutte d&rsquo;ind\u00e9pendance ensemble avec tout le peuple, du plus \u00e2g\u00e9 au plus jeune, tant les femmes que les hommes, ont tous contribu\u00e9 \u00e0 la guerre. Avec l&rsquo;inauguration de la Grande Assembl\u00e9e nationale, <span style=\"font-weight: 400;\">Mustafa Kemal Atat\u00fcrk signe une nouvelle page de l&rsquo;histoire nationale, et la preuve la plus solide en est l&rsquo;Assembl\u00e9e elle-m\u00eame. C&rsquo;est \u00e0 la nation turque qu&rsquo;appartient ce d\u00e9but, c&rsquo;est la nation qui en est l&rsquo;architecte et le fondateur. Cette ann\u00e9e est aussi le 101\u00e8me anniversaire de la fondation de l&rsquo;Assembl\u00e9e nationale.<\/span><\/p>\n<p>\u00ab\u00a0Le 23 avril est le d\u00e9but de l&rsquo;histoire nationale turque et c&rsquo;est un nouveau moment charni\u00e8re. Le peuple de Turquie qui s&rsquo;est insurg\u00e9 contre le monde hostile, a r\u00e9alis\u00e9 une merveille en fondant la Grande Assembl\u00e9e nationale de Turquie.\u00a0\u00bb <span style=\"font-weight: 400;\">Mustafa Kemal Atat\u00fcrk<\/span><\/p>\n<p>Le 23 avril 1921, cette date est d\u00e9clar\u00e9e f\u00eate nationale. Atat\u00fcrk a offert cette f\u00eate aux enfants le 23 avril 1929. Aussi, c&rsquo;est pour la premi\u00e8re en 1929 que la f\u00eate nationale a \u00e9t\u00e9 c\u00e9l\u00e9br\u00e9e comme la F\u00eate des enfants.<\/p>\n<p>En 1979, six autres pays du monde ont particip\u00e9 aux festivit\u00e9s, en y apportant une dimension internationale : de nombreux enfants de diff\u00e9rents pays ont commenc\u00e9 \u00e0 venir en Turquie. Notre pays est le premier et l&rsquo;unique pays au monde qui a offert une f\u00eate aux enfants du monde entier.<\/p>\n<p>&nbsp;<\/p>\n","protected":false},"excerpt":{"rendered":"<p>L&rsquo;ind\u00e9pendance nationale signifie l&rsquo;ind\u00e9pendance de tout esclavage, de toute domination ou de toute soumission aux autres nations, c&rsquo;est le libre arbitre de la nation qui vit librement sur les terres de sa patrie et qui n&rsquo;est contr\u00f4l\u00e9e par aucune autre [&hellip;]<\/p>\n","protected":false},"author":1,"featured_media":38441,"comment_status":"closed","ping_status":"closed","sticky":false,"template":"post-template.php","format":"gallery","meta":{"_monsterinsights_skip_tracking":false,"_monsterinsights_sitenote_active":false,"_monsterinsights_sitenote_note":"","_monsterinsights_sitenote_category":0,"footnotes":""},"categories":[52],"tags":[],"class_list":["post-38369","post","type-post","status-publish","format-gallery","has-post-thumbnail","hentry","category-ceremonies-et-histoire","post_format-post-format-gallery"],"_links":{"self":[{"href":"https:\/\/www.sp.k12.tr\/fr\/wp-json\/wp\/v2\/posts\/38369","targetHints":{"allow":["GET"]}}],"collection":[{"href":"https:\/\/www.sp.k12.tr\/fr\/wp-json\/wp\/v2\/posts"}],"about":[{"href":"https:\/\/www.sp.k12.tr\/fr\/wp-json\/wp\/v2\/types\/post"}],"author":[{"embeddable":true,"href":"https:\/\/www.sp.k12.tr\/fr\/wp-json\/wp\/v2\/users\/1"}],"replies":[{"embeddable":true,"href":"https:\/\/www.sp.k12.tr\/fr\/wp-json\/wp\/v2\/comments?post=38369"}],"version-history":[{"count":0,"href":"https:\/\/www.sp.k12.tr\/fr\/wp-json\/wp\/v2\/posts\/38369\/revisions"}],"wp:featuredmedia":[{"embeddable":true,"href":"https:\/\/www.sp.k12.tr\/fr\/wp-json\/wp\/v2\/media\/38441"}],"wp:attachment":[{"href":"https:\/\/www.sp.k12.tr\/fr\/wp-json\/wp\/v2\/media?parent=38369"}],"wp:term":[{"taxonomy":"category","embeddable":true,"href":"https:\/\/www.sp.k12.tr\/fr\/wp-json\/wp\/v2\/categories?post=38369"},{"taxonomy":"post_tag","embeddable":true,"href":"https:\/\/www.sp.k12.tr\/fr\/wp-json\/wp\/v2\/tags?post=38369"}],"curies":[{"name":"wp","href":"https:\/\/api.w.org\/{rel}","templated":true}]}}