{"id":38300,"date":"2021-04-21T13:04:22","date_gmt":"2021-04-21T10:04:22","guid":{"rendered":"https:\/\/www.sp.k12.tr\/?p=38300"},"modified":"2021-04-21T13:12:15","modified_gmt":"2021-04-21T10:12:15","slug":"les-eleves-de-preparatoire-cuisinent-leur-francophonie","status":"publish","type":"post","link":"https:\/\/www.sp.k12.tr\/fr\/les-eleves-de-preparatoire-cuisinent-leur-francophonie\/","title":{"rendered":"Les \u00e9l\u00e8ves de Pr\u00e9paratoire cuisinent leur francophonie !"},"content":{"rendered":"<p><span style=\"font-weight: 400;\">En mars et avril, les \u00e9l\u00e8ves de Pr\u00e9paratoire ont particip\u00e9 \u00e0 deux activit\u00e9s rassemblant les \u00e9l\u00e8ves de toutes les classes. En effet, lors d\u2019un premier rendez-vous, les \u00e9quipes ont relev\u00e9 le d\u00e9fi de quiz de culture g\u00e9n\u00e9rale scientifique et francophone cr\u00e9\u00e9s par leurs professeurs de Sciences et de Fran\u00e7ais.<\/span><\/p>\n<p><span style=\"font-weight: 400;\">D\u2019apr\u00e8s le nombre de bonnes r\u00e9ponses, les \u00e9quipes ont re\u00e7u des recettes plus ou moins compl\u00e8tes de desserts venant de diff\u00e9rentes r\u00e9gions de l\u2019espace francophone. Restait alors \u00e0 nos \u00e9l\u00e8ves de pr\u00e9parer des desserts pour leurs parents.<\/span><\/p>\n<p><span style=\"font-weight: 400;\">Ces activit\u00e9s ont permis aux \u00e9l\u00e8ves de f\u00eater la Francophonie et de faire plus ample connaissance avec les camarades des autres classes. Ils ont aussi su montrer leur sens des responsabilit\u00e9s, leur capacit\u00e9 \u00e0 s\u2019entraider et\u2026 leurs talents de cuisiniers !<\/span><\/p>\n<p><span style=\"font-weight: 400;\">Laissez-les nous pr\u00e9senter leurs impressions :\u00a0<\/span><\/p>\n<p><span style=\"font-weight: 400;\">\u201c<\/span><span style=\"font-weight: 400;\">Dans la premi\u00e8re partie, nous avons fait deux quiz avec mes camarades des autres classes. Gr\u00e2ce \u00e0 cette activit\u00e9 instructive et amusante, nous avons rencontr\u00e9 les \u00e9l\u00e8ves des autres classes et nous avons appris beaucoup de choses sur la culture des pays francophones.\u201d\u00a0<\/span><\/p>\n<p><span style=\"font-weight: 400;\">Dilay, <\/span><span style=\"font-weight: 400;\">HazB<\/span><\/p>\n<p><span style=\"font-weight: 400;\">\u201cNous avons fait des plats d\u00e9licieux pendant 3 p\u00e9riodes. Chaque groupe a fait des plats diff\u00e9rents qui sont bas\u00e9s sur les points que nous avons gagn\u00e9s.\u201d<\/span><\/p>\n<p><span style=\"font-weight: 400;\">Azra, HazC<\/span><\/p>\n<p><span style=\"font-weight: 400;\">\u201cJe n\u2019ai pas pens\u00e9 que je vais m\u2019amuser mais j\u2019ai \u00e9t\u00e9 tr\u00e8s heureux quand j\u2019ai commenc\u00e9 \u00e0 faire la cuisine. Je pense que j&rsquo;ai fait du bon travail, peut-\u00eatre que je pourrais un jour me lancer dans la cuisine.\u201d<\/span><\/p>\n<p><span style=\"font-weight: 400;\">Turgay, HazD<\/span><\/p>\n<p><span style=\"font-weight: 400;\">\u201cMes parents \u00e9taient contents de voir que la cuisine \u00e9tait toute propre, ils m&rsquo;ont f\u00e9licit\u00e9e de l\u2019avoir bien nettoy\u00e9e.\u201d<\/span><\/p>\n<p><span style=\"font-weight: 400;\">\u201cQuand ma m\u00e8re est revenue du travail, elle a vu le g\u00e2teau sur la table et elle \u00e9tait tr\u00e8s heureuse de voir qu\u2019il n\u2019y avait pas d&rsquo;assiettes sales.\u201d\u00a0<\/span><\/p>\n<p><span style=\"font-weight: 400;\">Ay\u015fe, HazB et Duru, HazD<\/span><\/p>\n<p><span style=\"font-weight: 400;\">\u201cCes deux activit\u00e9s m\u2019ont beaucoup aid\u00e9 : de la premi\u00e8re partie, j&rsquo;ai appris de nouvelles informations de mes amis d&rsquo;autres classes que j\u2019ai rencontr\u00e9s gr\u00e2ce \u00e0 ces activit\u00e9s. Et de la deuxi\u00e8me partie, j&rsquo;ai appris \u00e0 faire un g\u00e2teau pour la premi\u00e8re fois de ma vie. De cette fa\u00e7on, j\u2019ai compris que, moi aussi, je peux faire la cuisine.\u201d<\/span><\/p>\n<p><span style=\"font-weight: 400;\">Arken, HazC<\/span><\/p>\n","protected":false},"excerpt":{"rendered":"<p>En mars et avril, les \u00e9l\u00e8ves de Pr\u00e9paratoire ont particip\u00e9 \u00e0 deux activit\u00e9s rassemblant les \u00e9l\u00e8ves de toutes les classes. En effet, lors d\u2019un premier rendez-vous, les \u00e9quipes ont relev\u00e9 le d\u00e9fi de quiz de culture g\u00e9n\u00e9rale scientifique et francophone [&hellip;]<\/p>\n","protected":false},"author":1,"featured_media":38388,"comment_status":"closed","ping_status":"closed","sticky":false,"template":"","format":"gallery","meta":{"_monsterinsights_skip_tracking":false,"_monsterinsights_sitenote_active":false,"_monsterinsights_sitenote_note":"","_monsterinsights_sitenote_category":0,"footnotes":""},"categories":[57],"tags":[],"class_list":["post-38300","post","type-post","status-publish","format-gallery","has-post-thumbnail","hentry","category-travaux-des-eleves","post_format-post-format-gallery"],"_links":{"self":[{"href":"https:\/\/www.sp.k12.tr\/fr\/wp-json\/wp\/v2\/posts\/38300","targetHints":{"allow":["GET"]}}],"collection":[{"href":"https:\/\/www.sp.k12.tr\/fr\/wp-json\/wp\/v2\/posts"}],"about":[{"href":"https:\/\/www.sp.k12.tr\/fr\/wp-json\/wp\/v2\/types\/post"}],"author":[{"embeddable":true,"href":"https:\/\/www.sp.k12.tr\/fr\/wp-json\/wp\/v2\/users\/1"}],"replies":[{"embeddable":true,"href":"https:\/\/www.sp.k12.tr\/fr\/wp-json\/wp\/v2\/comments?post=38300"}],"version-history":[{"count":0,"href":"https:\/\/www.sp.k12.tr\/fr\/wp-json\/wp\/v2\/posts\/38300\/revisions"}],"wp:featuredmedia":[{"embeddable":true,"href":"https:\/\/www.sp.k12.tr\/fr\/wp-json\/wp\/v2\/media\/38388"}],"wp:attachment":[{"href":"https:\/\/www.sp.k12.tr\/fr\/wp-json\/wp\/v2\/media?parent=38300"}],"wp:term":[{"taxonomy":"category","embeddable":true,"href":"https:\/\/www.sp.k12.tr\/fr\/wp-json\/wp\/v2\/categories?post=38300"},{"taxonomy":"post_tag","embeddable":true,"href":"https:\/\/www.sp.k12.tr\/fr\/wp-json\/wp\/v2\/tags?post=38300"}],"curies":[{"name":"wp","href":"https:\/\/api.w.org\/{rel}","templated":true}]}}