{"id":38226,"date":"2021-04-08T15:25:53","date_gmt":"2021-04-08T12:25:53","guid":{"rendered":"https:\/\/www.sp.k12.tr\/?p=38226"},"modified":"2025-12-16T16:36:04","modified_gmt":"2025-12-16T13:36:04","slug":"nos-eleves-ont-remporte-grace-a-leur-projet-le-premier-prix-du-concours-de-projets-de-recherche-tubitak","status":"publish","type":"post","link":"https:\/\/www.sp.k12.tr\/fr\/nos-eleves-ont-remporte-grace-a-leur-projet-le-premier-prix-du-concours-de-projets-de-recherche-tubitak\/","title":{"rendered":"Nos \u00e9l\u00e8ves ont remport\u00e9 le premier prix du concours de projets de recherche T\u00dcB\u0130TAK"},"content":{"rendered":"<p><span style=\"font-weight: 400; font-family: georgia, palatino, serif; font-size: 14pt;\">C\u2019est durant les journ\u00e9es du 25 et 26 mars, qu&rsquo;elles ont toutes brillamment fait la pr\u00e9sentation de leur projet devant un jury d\u2019experts.\u00a0<\/span><\/p>\n<p><span style=\"font-family: georgia, palatino, serif; font-size: 14pt;\"><span style=\"font-weight: 400;\">Un premier projet, pr\u00e9sent\u00e9 avec beaucoup succ\u00e8s par Elif de 11C et Selin de 11D, sur les \u00ab\u00a0<\/span><b>Panneaux avec un syst\u00e8me solaire: \u00e9conomie d\u2019\u00e9nergie dans votre maison\u00a0\u00bb<\/b><span style=\"font-weight: 400;\">\u00a0et<\/span> <span style=\"font-weight: 400;\">concourant dans le domaine de la conception\u00a0 et de la technologie.\u00a0<\/span><\/span><\/p>\n<p><span style=\"font-family: georgia, palatino, serif; font-size: 14pt;\"><span style=\"font-weight: 400;\">Mais c\u2019est avec le second projet, cette fois en physique sur \u00ab\u00a0<\/span><b>Utilisation des lois de \u2018Perte de Masse\u2019 et de \u2018Transfert de Chaleur\u2019 dans les proc\u00e9dures de contr\u00f4le des masques\u201d <\/b><span style=\"font-weight: 400;\">que<\/span> <span style=\"font-weight: 400;\">Defne de 11C et \u00d6yk\u00fc de 11D sont parvenues \u00e0 remporter\u00a0 le premier prix\u00a0 de cette finale r\u00e9gionale.<\/span><\/span><\/p>\n<p><span style=\"font-weight: 400; font-family: georgia, palatino, serif; font-size: 14pt;\">Malgr\u00e9 toutes les difficult\u00e9s rencontr\u00e9es pendant cette p\u00e9riode de pand\u00e9mie, les efforts de nos brillantes \u00e9l\u00e8ves n\u2019ont jamais faibli. Ces succ\u00e8s \u00e0 diff\u00e9rents niveaux sont et resteront pour elles de pr\u00e9cieux et m\u00e9morables moments grav\u00e9s dans leur m\u00e9moire..\u00a0\u00a0<\/span><\/p>\n<p><span style=\"font-weight: 400; font-family: georgia, palatino, serif; font-size: 14pt;\">Nous tenons tout d\u2019abord \u00e0 remercier, la direction du lyc\u00e9e qui a comme \u00e0 son habitude \u00e9t\u00e9 un soutien pour nos\u00a0 \u00e9l\u00e8ves. Mais aussi M Thami Buhari pour son soutien et leurs pr\u00e9cieux conseils tout au long du processus de cr\u00e9ation de ces superbes projets.<\/span><\/p>\n<p><span style=\"font-weight: 400; font-family: georgia, palatino, serif; font-size: 14pt;\">Nous leur souhaitons encore plus de succ\u00e8s que ce soit dans leur vie \u00e9ducative ou pour ces prochaines\u00a0 finales nationales.\u00a0<\/span><\/p>\n","protected":false},"excerpt":{"rendered":"<p>C\u2019est durant les journ\u00e9es du 25 et 26 mars, qu&rsquo;elles ont toutes brillamment fait la pr\u00e9sentation de leur projet devant un jury d\u2019experts.\u00a0 Un premier projet, pr\u00e9sent\u00e9 avec beaucoup succ\u00e8s par Elif de 11C et Selin de 11D, sur les [&hellip;]<\/p>\n","protected":false},"author":1,"featured_media":38233,"comment_status":"closed","ping_status":"closed","sticky":false,"template":"post-template.php","format":"gallery","meta":{"_monsterinsights_skip_tracking":false,"_monsterinsights_sitenote_active":false,"_monsterinsights_sitenote_note":"","_monsterinsights_sitenote_category":0,"footnotes":""},"categories":[53,57],"tags":[],"class_list":["post-38226","post","type-post","status-publish","format-gallery","has-post-thumbnail","hentry","category-concours","category-travaux-des-eleves","post_format-post-format-gallery"],"_links":{"self":[{"href":"https:\/\/www.sp.k12.tr\/fr\/wp-json\/wp\/v2\/posts\/38226","targetHints":{"allow":["GET"]}}],"collection":[{"href":"https:\/\/www.sp.k12.tr\/fr\/wp-json\/wp\/v2\/posts"}],"about":[{"href":"https:\/\/www.sp.k12.tr\/fr\/wp-json\/wp\/v2\/types\/post"}],"author":[{"embeddable":true,"href":"https:\/\/www.sp.k12.tr\/fr\/wp-json\/wp\/v2\/users\/1"}],"replies":[{"embeddable":true,"href":"https:\/\/www.sp.k12.tr\/fr\/wp-json\/wp\/v2\/comments?post=38226"}],"version-history":[{"count":2,"href":"https:\/\/www.sp.k12.tr\/fr\/wp-json\/wp\/v2\/posts\/38226\/revisions"}],"predecessor-version":[{"id":64218,"href":"https:\/\/www.sp.k12.tr\/fr\/wp-json\/wp\/v2\/posts\/38226\/revisions\/64218"}],"wp:featuredmedia":[{"embeddable":true,"href":"https:\/\/www.sp.k12.tr\/fr\/wp-json\/wp\/v2\/media\/38233"}],"wp:attachment":[{"href":"https:\/\/www.sp.k12.tr\/fr\/wp-json\/wp\/v2\/media?parent=38226"}],"wp:term":[{"taxonomy":"category","embeddable":true,"href":"https:\/\/www.sp.k12.tr\/fr\/wp-json\/wp\/v2\/categories?post=38226"},{"taxonomy":"post_tag","embeddable":true,"href":"https:\/\/www.sp.k12.tr\/fr\/wp-json\/wp\/v2\/tags?post=38226"}],"curies":[{"name":"wp","href":"https:\/\/api.w.org\/{rel}","templated":true}]}}