{"id":38174,"date":"2021-04-20T10:28:34","date_gmt":"2021-04-20T07:28:34","guid":{"rendered":"https:\/\/www.sp.k12.tr\/?p=38174"},"modified":"2021-04-20T10:28:34","modified_gmt":"2021-04-20T07:28:34","slug":"les-scientifiques-francophones-illustres","status":"publish","type":"post","link":"https:\/\/www.sp.k12.tr\/fr\/les-scientifiques-francophones-illustres\/","title":{"rendered":"Les scientifiques francophones illustr\u00e9s"},"content":{"rendered":"<p>[vc_row][vc_column][vc_column_text]<span style=\"font-weight: 400;\">Les \u00e9l\u00e8ves ont propos\u00e9 diff\u00e9rentes illustrations\u00a0 qu\u2019elles soient en vid\u00e9o, en peinture ou en photographie. Chacun a rivalis\u00e9 de cr\u00e9ativit\u00e9 pour cette activit\u00e9 ludique organis\u00e9e par les professeurs de sciences.<\/span><\/p>\n<p><span style=\"font-weight: 400;\">Voici quelques exemples de leurs productions&#8230;<\/span><\/p>\n<p>&nbsp;<\/p>\n<p>[\/vc_column_text][vc_column_text]<b>Commandant Jacques &#8211; Yves Cousteau <\/b><span style=\"font-weight: 400;\">&#8211; Oc\u00e9anographe (G\u00fcn, 10D)<\/span>[\/vc_column_text]<div class=\"edgtf-image-gallery edgtf-grid-list edgtf-disable-bottom-space  edgtf-ig-grid-type edgtf-three-columns edgtf-huge-space  \">\n\t<div class=\"edgtf-ig-inner edgtf-outer-space\">\n\t\t\t\t\t<div class=\"edgtf-ig-image edgtf-item-space\">\n\t\t\t\t<div class=\"edgtf-ig-image-inner\">\n\t\t\t\t\t\t\t\t\t\t\t<img fetchpriority=\"high\" decoding=\"async\" width=\"226\" height=\"300\" src=\"https:\/\/www.sp.k12.tr\/wp-content\/uploads\/2021\/04\/pasted-image-0-226x300.png\" class=\"attachment-medium size-medium\" alt=\"\" srcset=\"https:\/\/www.sp.k12.tr\/wp-content\/uploads\/2021\/04\/pasted-image-0-226x300.png 226w, https:\/\/www.sp.k12.tr\/wp-content\/uploads\/2021\/04\/pasted-image-0.png 494w\" sizes=\"(max-width: 226px) 100vw, 226px\" \/>\t\t\t\t\t\t\t\t\t<\/div>\n\t\t\t<\/div>\n\t\t\t\t\t<div class=\"edgtf-ig-image edgtf-item-space\">\n\t\t\t\t<div class=\"edgtf-ig-image-inner\">\n\t\t\t\t\t\t\t\t\t\t\t<img decoding=\"async\" width=\"227\" height=\"300\" src=\"https:\/\/www.sp.k12.tr\/wp-content\/uploads\/2021\/04\/unnamed-227x300.png\" class=\"attachment-medium size-medium\" alt=\"\" srcset=\"https:\/\/www.sp.k12.tr\/wp-content\/uploads\/2021\/04\/unnamed-227x300.png 227w, https:\/\/www.sp.k12.tr\/wp-content\/uploads\/2021\/04\/unnamed.png 388w\" sizes=\"(max-width: 227px) 100vw, 227px\" \/>\t\t\t\t\t\t\t\t\t<\/div>\n\t\t\t<\/div>\n\t\t\t<\/div>\n<\/div>[vc_column_text]<span style=\"font-weight: 400;\">\u00a0<\/span><b>Louis Pasteur <\/b><span style=\"font-weight: 400;\">&#8211; <\/span><span style=\"font-weight: 400;\">Microbiologiste et chimiste fran\u00e7ais (Derin, 10D)<\/span>[\/vc_column_text]<div class=\"edgtf-image-gallery edgtf-grid-list edgtf-disable-bottom-space  edgtf-ig-grid-type edgtf-three-columns edgtf-huge-space  \">\n\t<div class=\"edgtf-ig-inner edgtf-outer-space\">\n\t\t\t\t\t<div class=\"edgtf-ig-image edgtf-item-space\">\n\t\t\t\t<div class=\"edgtf-ig-image-inner\">\n\t\t\t\t\t\t\t\t\t\t\t<img decoding=\"async\" width=\"300\" height=\"170\" src=\"https:\/\/www.sp.k12.tr\/wp-content\/uploads\/2021\/04\/pasted-image-0-1-300x170.png\" class=\"attachment-medium size-medium\" alt=\"\" srcset=\"https:\/\/www.sp.k12.tr\/wp-content\/uploads\/2021\/04\/pasted-image-0-1-300x170.png 300w, https:\/\/www.sp.k12.tr\/wp-content\/uploads\/2021\/04\/pasted-image-0-1-768x435.png 768w, https:\/\/www.sp.k12.tr\/wp-content\/uploads\/2021\/04\/pasted-image-0-1.png 1000w\" sizes=\"(max-width: 300px) 100vw, 300px\" \/>\t\t\t\t\t\t\t\t\t<\/div>\n\t\t\t<\/div>\n\t\t\t\t\t<div class=\"edgtf-ig-image edgtf-item-space\">\n\t\t\t\t<div class=\"edgtf-ig-image-inner\">\n\t\t\t\t\t\t\t\t\t\t\t<img loading=\"lazy\" decoding=\"async\" width=\"300\" height=\"143\" src=\"https:\/\/www.sp.k12.tr\/wp-content\/uploads\/2021\/04\/pasted-image-0-2-300x143.png\" class=\"attachment-medium size-medium\" alt=\"\" srcset=\"https:\/\/www.sp.k12.tr\/wp-content\/uploads\/2021\/04\/pasted-image-0-2-300x143.png 300w, https:\/\/www.sp.k12.tr\/wp-content\/uploads\/2021\/04\/pasted-image-0-2-768x367.png 768w, https:\/\/www.sp.k12.tr\/wp-content\/uploads\/2021\/04\/pasted-image-0-2.png 900w\" sizes=\"(max-width: 300px) 100vw, 300px\" \/>\t\t\t\t\t\t\t\t\t<\/div>\n\t\t\t<\/div>\n\t\t\t<\/div>\n<\/div>[vc_column_text]<span style=\"font-weight: 400;\">Bande dessin\u00e9e sur <\/span><b>la famille Curie <\/b><span style=\"font-weight: 400;\">(Esin, Devrim, I\u015f\u0131l, Zeynep)<\/span>[\/vc_column_text]<div class=\"edgtf-image-gallery edgtf-grid-list edgtf-disable-bottom-space  edgtf-ig-grid-type edgtf-three-columns edgtf-huge-space  \">\n\t<div class=\"edgtf-ig-inner edgtf-outer-space\">\n\t\t\t\t\t<div class=\"edgtf-ig-image edgtf-item-space\">\n\t\t\t\t<div class=\"edgtf-ig-image-inner\">\n\t\t\t\t\t\t\t\t\t\t\t<img loading=\"lazy\" decoding=\"async\" width=\"214\" height=\"300\" src=\"https:\/\/www.sp.k12.tr\/wp-content\/uploads\/2021\/04\/pasted-image-0-3-214x300.png\" class=\"attachment-medium size-medium\" alt=\"\" srcset=\"https:\/\/www.sp.k12.tr\/wp-content\/uploads\/2021\/04\/pasted-image-0-3-214x300.png 214w, https:\/\/www.sp.k12.tr\/wp-content\/uploads\/2021\/04\/pasted-image-0-3.png 530w\" sizes=\"(max-width: 214px) 100vw, 214px\" \/>\t\t\t\t\t\t\t\t\t<\/div>\n\t\t\t<\/div>\n\t\t\t<\/div>\n<\/div>[vc_column_text]<b>Camille Gu\u00e9rin <\/b><span style=\"font-weight: 400;\">&#8211;<\/span> <span style=\"font-weight: 400;\">V\u00e9t\u00e9rinaire et biologiste (<\/span><span style=\"font-weight: 400;\">\u0130pek, 10C) <\/span>[\/vc_column_text][vc_column_text]<b>Fran\u00e7oise Dolto<\/b><span style=\"font-weight: 400;\"> &#8211; Psychanalyste (Karya 10C)<\/span>[\/vc_column_text]<div class=\"edgtf-image-gallery edgtf-grid-list edgtf-disable-bottom-space  edgtf-ig-grid-type edgtf-three-columns edgtf-huge-space  \">\n\t<div class=\"edgtf-ig-inner edgtf-outer-space\">\n\t\t\t\t\t<div class=\"edgtf-ig-image edgtf-item-space\">\n\t\t\t\t<div class=\"edgtf-ig-image-inner\">\n\t\t\t\t\t\t\t\t\t\t\t<img loading=\"lazy\" decoding=\"async\" width=\"263\" height=\"300\" src=\"https:\/\/www.sp.k12.tr\/wp-content\/uploads\/2021\/04\/image_6483441-263x300.jpg\" class=\"attachment-medium size-medium\" alt=\"\" srcset=\"https:\/\/www.sp.k12.tr\/wp-content\/uploads\/2021\/04\/image_6483441-263x300.jpg 263w, https:\/\/www.sp.k12.tr\/wp-content\/uploads\/2021\/04\/image_6483441.jpg 614w\" sizes=\"(max-width: 263px) 100vw, 263px\" \/>\t\t\t\t\t\t\t\t\t<\/div>\n\t\t\t<\/div>\n\t\t\t<\/div>\n<\/div>[vc_column_text]<b>Les fr\u00e8res Montgolfier<\/b><span style=\"font-weight: 400;\"> : Joseph Michel et Jacques Etiennes Montgolfier\u00a0<\/span><\/p>\n<p><span style=\"font-weight: 400;\">&#8211; D\u00e9couverte de la Mongolfi\u00e8re (Altar et Defne, 10C)<\/span>[\/vc_column_text]<div class=\"edgtf-video-button-holder  edgtf-vb-has-img\">\n\t<div class=\"edgtf-video-button-image\">\n\t\t<img loading=\"lazy\" decoding=\"async\" width=\"800\" height=\"448\" src=\"https:\/\/www.sp.k12.tr\/wp-content\/uploads\/2021\/04\/pasted-image-0-4.png\" class=\"attachment-full size-full\" alt=\"\" srcset=\"https:\/\/www.sp.k12.tr\/wp-content\/uploads\/2021\/04\/pasted-image-0-4.png 800w, https:\/\/www.sp.k12.tr\/wp-content\/uploads\/2021\/04\/pasted-image-0-4-300x168.png 300w, https:\/\/www.sp.k12.tr\/wp-content\/uploads\/2021\/04\/pasted-image-0-4-768x430.png 768w\" sizes=\"(max-width: 800px) 100vw, 800px\" \/>\t<\/div>\n\t\t\t<a class=\"edgtf-video-button-play\"  href=\"https:\/\/www.sp.k12.tr\/wp-content\/uploads\/2021\/04\/les-freres-mongolfier.mp4\" data-rel=\"prettyPhoto[video_button_pretty_photo_775]\">\n\t\t\t<span class=\"edgtf-video-button-play-inner\">\n\t\t\t\t<svg class=\"edgtf-theme-svg\" x=\"0px\" y=\"0px\" width=\"115px\" height=\"115px\" viewBox=\"0 0 231.971 231.971\" enable-background=\"new 0 0 231.971 231.971\" xml:space=\"preserve\">\n\t\t\t\t\t<circle fill=\"none\" stroke=\"#000000\" stroke-miterlimit=\"10\" cx=\"115.985\" cy=\"115.985\" r=\"115.485\"\/>\n\t\t\t\t<\/svg><span class=\"edgtf-video-button-text\">PLAY<\/span>\t\t\t<\/span>\n\t\t<\/a>\n\t<\/div>[vc_column_text]<span style=\"font-weight: 400;\">Iren Joliot &#8211; Curie &#8211; Radioactivit\u00e9 (Cansu, 10D)<\/span>[\/vc_column_text]<div class=\"edgtf-image-gallery edgtf-grid-list edgtf-disable-bottom-space  edgtf-ig-grid-type edgtf-three-columns edgtf-huge-space  \">\n\t<div class=\"edgtf-ig-inner edgtf-outer-space\">\n\t\t\t\t\t<div class=\"edgtf-ig-image edgtf-item-space\">\n\t\t\t\t<div class=\"edgtf-ig-image-inner\">\n\t\t\t\t\t\t\t\t\t\t\t<img loading=\"lazy\" decoding=\"async\" width=\"228\" height=\"300\" src=\"https:\/\/www.sp.k12.tr\/wp-content\/uploads\/2021\/04\/irene-228x300.png\" class=\"attachment-medium size-medium\" alt=\"\" srcset=\"https:\/\/www.sp.k12.tr\/wp-content\/uploads\/2021\/04\/irene-228x300.png 228w, https:\/\/www.sp.k12.tr\/wp-content\/uploads\/2021\/04\/irene.png 531w\" sizes=\"(max-width: 228px) 100vw, 228px\" \/>\t\t\t\t\t\t\t\t\t<\/div>\n\t\t\t<\/div>\n\t\t\t<\/div>\n<\/div>[vc_column_text]<b>Antoine ve Marie-Anne Paulze Lavoisier (Zeynep, Ece) <\/b>[\/vc_column_text]<div class=\"edgtf-image-gallery edgtf-grid-list edgtf-disable-bottom-space  edgtf-ig-grid-type edgtf-three-columns edgtf-huge-space  \">\n\t<div class=\"edgtf-ig-inner edgtf-outer-space\">\n\t\t\t\t\t<div class=\"edgtf-ig-image edgtf-item-space\">\n\t\t\t\t<div class=\"edgtf-ig-image-inner\">\n\t\t\t\t\t\t\t\t\t\t\t<img loading=\"lazy\" decoding=\"async\" width=\"300\" height=\"282\" src=\"https:\/\/www.sp.k12.tr\/wp-content\/uploads\/2021\/04\/AntoineMarie-Lavoisier-300x282.jpg\" class=\"attachment-medium size-medium\" alt=\"\" srcset=\"https:\/\/www.sp.k12.tr\/wp-content\/uploads\/2021\/04\/AntoineMarie-Lavoisier-300x282.jpg 300w, https:\/\/www.sp.k12.tr\/wp-content\/uploads\/2021\/04\/AntoineMarie-Lavoisier.jpg 745w\" sizes=\"(max-width: 300px) 100vw, 300px\" \/>\t\t\t\t\t\t\t\t\t<\/div>\n\t\t\t<\/div>\n\t\t\t<\/div>\n<\/div>[vc_column_text]<span style=\"font-weight: 400;\">Zeynep, Elif<\/span>[\/vc_column_text]<div class=\"edgtf-image-gallery edgtf-grid-list edgtf-disable-bottom-space  edgtf-ig-grid-type edgtf-three-columns edgtf-huge-space  \">\n\t<div class=\"edgtf-ig-inner edgtf-outer-space\">\n\t\t\t\t\t<div class=\"edgtf-ig-image edgtf-item-space\">\n\t\t\t\t<div class=\"edgtf-ig-image-inner\">\n\t\t\t\t\t\t\t\t\t\t\t<img loading=\"lazy\" decoding=\"async\" width=\"226\" height=\"300\" src=\"https:\/\/www.sp.k12.tr\/wp-content\/uploads\/2021\/04\/07901794-381f-4b94-85d0-ced8e0bd0b67-226x300.jpg\" class=\"attachment-medium size-medium\" alt=\"\" srcset=\"https:\/\/www.sp.k12.tr\/wp-content\/uploads\/2021\/04\/07901794-381f-4b94-85d0-ced8e0bd0b67-226x300.jpg 226w, https:\/\/www.sp.k12.tr\/wp-content\/uploads\/2021\/04\/07901794-381f-4b94-85d0-ced8e0bd0b67.jpg 527w\" sizes=\"(max-width: 226px) 100vw, 226px\" \/>\t\t\t\t\t\t\t\t\t<\/div>\n\t\t\t<\/div>\n\t\t\t<\/div>\n<\/div>[\/vc_column][\/vc_row]<\/p>\n","protected":false},"excerpt":{"rendered":"<p>[vc_row][vc_column][vc_column_text]Les \u00e9l\u00e8ves ont propos\u00e9 diff\u00e9rentes illustrations\u00a0 qu\u2019elles soient en vid\u00e9o, en peinture ou en photographie. Chacun a rivalis\u00e9 de cr\u00e9ativit\u00e9 pour cette activit\u00e9 ludique organis\u00e9e par les professeurs de sciences. Voici quelques exemples de leurs productions&#8230; &nbsp; [\/vc_column_text][vc_column_text]Commandant Jacques &#8211; [&hellip;]<\/p>\n","protected":false},"author":1,"featured_media":38340,"comment_status":"closed","ping_status":"closed","sticky":false,"template":"","format":"gallery","meta":{"_monsterinsights_skip_tracking":false,"_monsterinsights_sitenote_active":false,"_monsterinsights_sitenote_note":"","_monsterinsights_sitenote_category":0,"footnotes":""},"categories":[57],"tags":[],"class_list":["post-38174","post","type-post","status-publish","format-gallery","has-post-thumbnail","hentry","category-travaux-des-eleves","post_format-post-format-gallery"],"_links":{"self":[{"href":"https:\/\/www.sp.k12.tr\/fr\/wp-json\/wp\/v2\/posts\/38174","targetHints":{"allow":["GET"]}}],"collection":[{"href":"https:\/\/www.sp.k12.tr\/fr\/wp-json\/wp\/v2\/posts"}],"about":[{"href":"https:\/\/www.sp.k12.tr\/fr\/wp-json\/wp\/v2\/types\/post"}],"author":[{"embeddable":true,"href":"https:\/\/www.sp.k12.tr\/fr\/wp-json\/wp\/v2\/users\/1"}],"replies":[{"embeddable":true,"href":"https:\/\/www.sp.k12.tr\/fr\/wp-json\/wp\/v2\/comments?post=38174"}],"version-history":[{"count":0,"href":"https:\/\/www.sp.k12.tr\/fr\/wp-json\/wp\/v2\/posts\/38174\/revisions"}],"wp:featuredmedia":[{"embeddable":true,"href":"https:\/\/www.sp.k12.tr\/fr\/wp-json\/wp\/v2\/media\/38340"}],"wp:attachment":[{"href":"https:\/\/www.sp.k12.tr\/fr\/wp-json\/wp\/v2\/media?parent=38174"}],"wp:term":[{"taxonomy":"category","embeddable":true,"href":"https:\/\/www.sp.k12.tr\/fr\/wp-json\/wp\/v2\/categories?post=38174"},{"taxonomy":"post_tag","embeddable":true,"href":"https:\/\/www.sp.k12.tr\/fr\/wp-json\/wp\/v2\/tags?post=38174"}],"curies":[{"name":"wp","href":"https:\/\/api.w.org\/{rel}","templated":true}]}}