{"id":37407,"date":"2021-01-26T14:26:18","date_gmt":"2021-01-26T11:26:18","guid":{"rendered":"https:\/\/www.sp.k12.tr\/?p=37407"},"modified":"2021-02-13T15:26:06","modified_gmt":"2021-02-13T12:26:06","slug":"festival-de-la-saint-valentin-sur-radio-pulcherie","status":"publish","type":"post","link":"https:\/\/www.sp.k12.tr\/fr\/festival-de-la-saint-valentin-sur-radio-pulcherie\/","title":{"rendered":"Festival de la Saint Valentin sur Radio Pulch\u00e9rie"},"content":{"rendered":"<p>Depuis la rentr\u00e9e 2020 Radio Pulch\u00e9rie est plus active que jamais, elle diffuse ses programmes 7\/7 et 24h\/24 ! Pr\u00e8s de 15 \u00e9l\u00e8ves travaillent r\u00e9guli\u00e8rement pour la radio mais aussi des professeurs. Certains proposent des \u00e9missions toutes les semaines relay\u00e9es chaque lundi matin \u00e0 travers une newsletter.<\/p>\n<p>La Saint Valentin est f\u00eat\u00e9e dans de nombreux pays du monde, pas toujours cependant \u00e0 la m\u00eame date, mais \u00e0 chaque fois avec ses coutumes et traditions. La f\u00eate des amoureux serait-elle une de ces grandes id\u00e9es des g\u00e9nies du commerce ou bel et bien une f\u00eate ancr\u00e9e dans l&rsquo;histoire ? Nos chroniqueurs navigueront autour du th\u00e8me de l&rsquo;amour et de ses d\u00e9tours pour notre plus grand plaisir.<\/p>\n<p><strong>Pendant une semaine, \u00e0 partir de ce 8 f\u00e9vrier, retrouvez toutes nos \u00e9missions sp\u00e9ciales Saint Valentin sur Radio Pulch\u00e9rie. <\/strong><\/p>\n<p>La Saint Valentin \u00e0 travers ses origines, l&rsquo;amour dans la litt\u00e9rature, dans les musiques de films, dans les mangas, les chansons &#8230; Le programme d\u00e9taill\u00e9 est d\u00e9j\u00e0 dans vos boites mails ! N&rsquo;oubliez pas de visiter le site internet de la radio et ses podcasts sur <a href=\"https:\/\/www.radiopulcherie.com\">www.radiopulcherie.com<\/a><\/p>\n<p>Remerciements \u00e0 tous ceux qui ont donn\u00e9 vie \u00e0 ce festival : Ada A, Breanne, Zeynep Selin, Ada D, Ya\u011fmur Helin, G\u00fcn, Ekaterina, M. Korkut, M.Feyzi, M \u0130hsan, Mme Dilek, Mme Ne\u015fe, Mme J\u00fclide, Les Fr\u00e8res Amieux et \u00e0 tous ceux qui ont r\u00e9pondu au dictionnaire de l&rsquo;amour.<\/p>\n","protected":false},"excerpt":{"rendered":"<p>Depuis la rentr\u00e9e 2020 Radio Pulch\u00e9rie est plus active que jamais, elle diffuse ses programmes 7\/7 et 24h\/24 ! Pr\u00e8s de 15 \u00e9l\u00e8ves travaillent r\u00e9guli\u00e8rement pour la radio mais aussi des professeurs. Certains proposent des \u00e9missions toutes les semaines relay\u00e9es [&hellip;]<\/p>\n","protected":false},"author":1,"featured_media":37412,"comment_status":"closed","ping_status":"closed","sticky":false,"template":"post-template.php","format":"gallery","meta":{"_monsterinsights_skip_tracking":false,"_monsterinsights_sitenote_active":false,"_monsterinsights_sitenote_note":"","_monsterinsights_sitenote_category":0,"footnotes":""},"categories":[55],"tags":[],"class_list":["post-37407","post","type-post","status-publish","format-gallery","has-post-thumbnail","hentry","category-rencontres","post_format-post-format-gallery"],"_links":{"self":[{"href":"https:\/\/www.sp.k12.tr\/fr\/wp-json\/wp\/v2\/posts\/37407","targetHints":{"allow":["GET"]}}],"collection":[{"href":"https:\/\/www.sp.k12.tr\/fr\/wp-json\/wp\/v2\/posts"}],"about":[{"href":"https:\/\/www.sp.k12.tr\/fr\/wp-json\/wp\/v2\/types\/post"}],"author":[{"embeddable":true,"href":"https:\/\/www.sp.k12.tr\/fr\/wp-json\/wp\/v2\/users\/1"}],"replies":[{"embeddable":true,"href":"https:\/\/www.sp.k12.tr\/fr\/wp-json\/wp\/v2\/comments?post=37407"}],"version-history":[{"count":0,"href":"https:\/\/www.sp.k12.tr\/fr\/wp-json\/wp\/v2\/posts\/37407\/revisions"}],"wp:featuredmedia":[{"embeddable":true,"href":"https:\/\/www.sp.k12.tr\/fr\/wp-json\/wp\/v2\/media\/37412"}],"wp:attachment":[{"href":"https:\/\/www.sp.k12.tr\/fr\/wp-json\/wp\/v2\/media?parent=37407"}],"wp:term":[{"taxonomy":"category","embeddable":true,"href":"https:\/\/www.sp.k12.tr\/fr\/wp-json\/wp\/v2\/categories?post=37407"},{"taxonomy":"post_tag","embeddable":true,"href":"https:\/\/www.sp.k12.tr\/fr\/wp-json\/wp\/v2\/tags?post=37407"}],"curies":[{"name":"wp","href":"https:\/\/api.w.org\/{rel}","templated":true}]}}