{"id":37317,"date":"2021-01-28T08:52:35","date_gmt":"2021-01-28T05:52:35","guid":{"rendered":"https:\/\/www.sp.k12.tr\/?p=37317"},"modified":"2021-01-28T08:57:40","modified_gmt":"2021-01-28T05:57:40","slug":"les-10emes-enregistrent-leur-emission-radio","status":"publish","type":"post","link":"https:\/\/www.sp.k12.tr\/fr\/les-10emes-enregistrent-leur-emission-radio\/","title":{"rendered":"Les 10\u00e8mes enregistrent leur \u00e9mission radio !"},"content":{"rendered":"<p><span style=\"font-weight: 400;\">Voici un retour sur ce projet r\u00e9dig\u00e9 par des \u00e9l\u00e8ves de 10\u00e8me en fran\u00e7ais :<\/span><\/p>\n<p><span style=\"font-weight: 400;\">\u00ab\u00a0Nous avons choisi deux r\u00e9dacteurs en chef qui \u00e9taient charg\u00e9s de planifier le projet, de distribuer tous les r\u00f4les et tous les sujets avec l\u2019aide des professeurs. Les techniciens ont appris comment faire des montages sur ZOOM avec l\u2019aide de Madame Dilek. Nos chroniqueurs ont choisi le sujet g\u00e9n\u00e9ral de la lutte contre les discriminations, et nous avons choisi des animateurs. Puis nous avons r\u00e9dig\u00e9 nos textes sur le sexisme, le racisme, les droits des femmes et l\u2019homophobie. Nous avons termin\u00e9 nos textes et nous avons fait une r\u00e9p\u00e9tition g\u00e9n\u00e9rale avant de les enregistrer.<\/span><\/p>\n<p><span style=\"font-weight: 400;\">C\u2019\u00e9tait la premi\u00e8re fois que nous menions un projet radio en ligne. Ce n&rsquo;\u00e9tait pas comme le projet radio de l&rsquo;ann\u00e9e derni\u00e8re, le niveau \u00e9tait plus \u00e9lev\u00e9 car notre fran\u00e7ais s\u2019\u00e9tait am\u00e9lior\u00e9. De plus il a fallu enregistrer en ligne et faire le montage. Il fallait bien nous organiser pendant nos p\u00e9riodes de classe.<\/span><\/p>\n<p><span style=\"font-weight: 400;\">Notre mission a \u00e9t\u00e9 de contribuer \u00e0 un changement dans le monde, on esp\u00e8re faire une diff\u00e9rence : il s\u2019est agi de rappeler aux gens des probl\u00e8mes importants et comment on pouvait les r\u00e9soudre. On s&rsquo;est senti comme de vrais chroniqueurs pendant qu\u2019on faisait\u00a0 nos recherches et qu\u2019on enregistrait nos \u00e9missions.\u00a0<\/span><\/p>\n<p><span style=\"font-weight: 400;\">\u201cJ\u2019ai am\u00e9lior\u00e9 mon accent fran\u00e7ais, c&rsquo;\u00e9tait un projet efficace pour les participants autant que pour les auditeurs.\u201d Elif I\u015f\u0131l, Animatrice, 10\/A<\/span><\/p>\n<p><span style=\"font-weight: 400;\">\u00ab\u00a0Les sujets m\u2019ont vraiment touch\u00e9s, j&rsquo;ai remarqu\u00e9 qu\u2019on ne faisait pas attention \u00e0 ces sujets si importants\u201d Zeynep, Chroniqueuse, 10\/A<\/span><\/p>\n<p>* Cet article est r\u00e9dig\u00e9 par notre \u00e9l\u00e8ve Esin (10A)<\/p>\n","protected":false},"excerpt":{"rendered":"<p>Voici un retour sur ce projet r\u00e9dig\u00e9 par des \u00e9l\u00e8ves de 10\u00e8me en fran\u00e7ais : \u00ab\u00a0Nous avons choisi deux r\u00e9dacteurs en chef qui \u00e9taient charg\u00e9s de planifier le projet, de distribuer tous les r\u00f4les et tous les sujets avec l\u2019aide [&hellip;]<\/p>\n","protected":false},"author":1,"featured_media":37433,"comment_status":"closed","ping_status":"closed","sticky":false,"template":"post-template.php","format":"gallery","meta":{"_monsterinsights_skip_tracking":false,"_monsterinsights_sitenote_active":false,"_monsterinsights_sitenote_note":"","_monsterinsights_sitenote_category":0,"footnotes":""},"categories":[57],"tags":[],"class_list":["post-37317","post","type-post","status-publish","format-gallery","has-post-thumbnail","hentry","category-travaux-des-eleves","post_format-post-format-gallery"],"_links":{"self":[{"href":"https:\/\/www.sp.k12.tr\/fr\/wp-json\/wp\/v2\/posts\/37317","targetHints":{"allow":["GET"]}}],"collection":[{"href":"https:\/\/www.sp.k12.tr\/fr\/wp-json\/wp\/v2\/posts"}],"about":[{"href":"https:\/\/www.sp.k12.tr\/fr\/wp-json\/wp\/v2\/types\/post"}],"author":[{"embeddable":true,"href":"https:\/\/www.sp.k12.tr\/fr\/wp-json\/wp\/v2\/users\/1"}],"replies":[{"embeddable":true,"href":"https:\/\/www.sp.k12.tr\/fr\/wp-json\/wp\/v2\/comments?post=37317"}],"version-history":[{"count":0,"href":"https:\/\/www.sp.k12.tr\/fr\/wp-json\/wp\/v2\/posts\/37317\/revisions"}],"wp:featuredmedia":[{"embeddable":true,"href":"https:\/\/www.sp.k12.tr\/fr\/wp-json\/wp\/v2\/media\/37433"}],"wp:attachment":[{"href":"https:\/\/www.sp.k12.tr\/fr\/wp-json\/wp\/v2\/media?parent=37317"}],"wp:term":[{"taxonomy":"category","embeddable":true,"href":"https:\/\/www.sp.k12.tr\/fr\/wp-json\/wp\/v2\/categories?post=37317"},{"taxonomy":"post_tag","embeddable":true,"href":"https:\/\/www.sp.k12.tr\/fr\/wp-json\/wp\/v2\/tags?post=37317"}],"curies":[{"name":"wp","href":"https:\/\/api.w.org\/{rel}","templated":true}]}}