{"id":37122,"date":"2021-01-12T12:29:15","date_gmt":"2021-01-12T09:29:15","guid":{"rendered":"https:\/\/www.sp.k12.tr\/?p=37122"},"modified":"2021-01-12T12:29:15","modified_gmt":"2021-01-12T09:29:15","slug":"soz-parole-3-resilience-stress-et-motivation","status":"publish","type":"post","link":"https:\/\/www.sp.k12.tr\/fr\/soz-parole-3-resilience-stress-et-motivation\/","title":{"rendered":"S\u00f6z\/Parole &#8211; 3: r\u00e9silience, stress et motivation"},"content":{"rendered":"<p>La troisi\u00e8me intervenante invit\u00e9e de la s\u00e9rie de webinaire S\u00f6z\/Parole est la fondatrice de \u00ab\u00a0Rezilyans T\u00fcrkiye\u00a0\u00bb, \u00c7i\u011fdem G\u00f6rener Ozan. Elle va rencontrer nos \u00e9l\u00e8ves et leurs parents le mercredi 13 janvier, de 19h30 \u00e0 20h45 pour faire une pr\u00e9sentation sur le th\u00e8me : \u00ab\u00a0Surmonter le stress et augmenter sa motivation gr\u00e2ce \u00e0 la r\u00e9silience\u00a0\u00bb. Elle r\u00e9pondra aussi aux questions des participants.<\/p>\n<p>Th\u00e9matique du webinar :<\/p>\n<ul>\n<li>Qu&rsquo;est-ce que la r\u00e9silience? Pourquoi est-elle consid\u00e9r\u00e9e comme une comp\u00e9tence primordiale du XXIe si\u00e8cle?<\/li>\n<li>Quelles sont les comp\u00e9tences de r\u00e9silience qui permettent de surmonter le stress et les difficult\u00e9s?<\/li>\n<li>Quels sont les comportements et les pens\u00e9es qui \u00e9puisent la motivation?<\/li>\n<li>Comment augmenter sa motivation interne gr\u00e2ce \u00e0 ses comp\u00e9tences de r\u00e9silience?<\/li>\n<\/ul>\n<p><span style=\"font-weight: 400;\">* Le nombre de participants est limit\u00e9 \u00e0 100 personnes.<\/span><\/p>\n<p><b>Voici le lien pour rejoindre le s\u00e9minaire via GoogleMeet:\u00a0<\/b><\/p>\n<p>https:\/\/meet.google.com\/tkn-fqir-frh<\/p>\n<p>&nbsp;<\/p>\n","protected":false},"excerpt":{"rendered":"<p>La troisi\u00e8me intervenante invit\u00e9e de la s\u00e9rie de webinaire S\u00f6z\/Parole est la fondatrice de \u00ab\u00a0Rezilyans T\u00fcrkiye\u00a0\u00bb, \u00c7i\u011fdem G\u00f6rener Ozan. Elle va rencontrer nos \u00e9l\u00e8ves et leurs parents le mercredi 13 janvier, de 19h30 \u00e0 20h45 pour faire une pr\u00e9sentation sur [&hellip;]<\/p>\n","protected":false},"author":1,"featured_media":37111,"comment_status":"closed","ping_status":"closed","sticky":false,"template":"","format":"gallery","meta":{"_monsterinsights_skip_tracking":false,"_monsterinsights_sitenote_active":false,"_monsterinsights_sitenote_note":"","_monsterinsights_sitenote_category":0,"footnotes":""},"categories":[55],"tags":[],"class_list":["post-37122","post","type-post","status-publish","format-gallery","has-post-thumbnail","hentry","category-rencontres","post_format-post-format-gallery"],"_links":{"self":[{"href":"https:\/\/www.sp.k12.tr\/fr\/wp-json\/wp\/v2\/posts\/37122","targetHints":{"allow":["GET"]}}],"collection":[{"href":"https:\/\/www.sp.k12.tr\/fr\/wp-json\/wp\/v2\/posts"}],"about":[{"href":"https:\/\/www.sp.k12.tr\/fr\/wp-json\/wp\/v2\/types\/post"}],"author":[{"embeddable":true,"href":"https:\/\/www.sp.k12.tr\/fr\/wp-json\/wp\/v2\/users\/1"}],"replies":[{"embeddable":true,"href":"https:\/\/www.sp.k12.tr\/fr\/wp-json\/wp\/v2\/comments?post=37122"}],"version-history":[{"count":0,"href":"https:\/\/www.sp.k12.tr\/fr\/wp-json\/wp\/v2\/posts\/37122\/revisions"}],"wp:featuredmedia":[{"embeddable":true,"href":"https:\/\/www.sp.k12.tr\/fr\/wp-json\/wp\/v2\/media\/37111"}],"wp:attachment":[{"href":"https:\/\/www.sp.k12.tr\/fr\/wp-json\/wp\/v2\/media?parent=37122"}],"wp:term":[{"taxonomy":"category","embeddable":true,"href":"https:\/\/www.sp.k12.tr\/fr\/wp-json\/wp\/v2\/categories?post=37122"},{"taxonomy":"post_tag","embeddable":true,"href":"https:\/\/www.sp.k12.tr\/fr\/wp-json\/wp\/v2\/tags?post=37122"}],"curies":[{"name":"wp","href":"https:\/\/api.w.org\/{rel}","templated":true}]}}