{"id":36815,"date":"2020-12-18T08:02:22","date_gmt":"2020-12-18T05:02:22","guid":{"rendered":"https:\/\/www.sp.k12.tr\/?p=36815"},"modified":"2020-12-18T08:02:22","modified_gmt":"2020-12-18T05:02:22","slug":"soz-parole-2-gestion-des-talents-dans-le-developpement-de-la-carriere","status":"publish","type":"post","link":"https:\/\/www.sp.k12.tr\/fr\/soz-parole-2-gestion-des-talents-dans-le-developpement-de-la-carriere\/","title":{"rendered":"\u00ab\u00a0S\u00f6z\/Parole\u00a0\u00bb &#8211; 2 : Gestion des talents dans le d\u00e9veloppement de la carri\u00e8re"},"content":{"rendered":"<p>Le mardi 22 d\u00e9cembre, entre 16h et 17h, Mme \u00d6zge ALYU, conseill\u00e8re en \u00e9ducation \u00e0 l&rsquo;Universit\u00e9 Bilgi, sera notre invit\u00e9e pour donner un webinar sur \u00ab\u00a0La gestion des talents dans le d\u00e9veloppement de la carri\u00e8re\u00a0\u00bb.<\/p>\n<p>Voici quelques th\u00e8mes qui seront abord\u00e9s lors de cette rencontre :<\/p>\n<ul>\n<li>Que signifie \u00eatre un professionel aujourd&rsquo;hui ? Qui sont-ils?<\/li>\n<li>Selon le Rapport de Pearson sur la Turquie, quelles sont les attentes du mondes des affaires ? Dans quelle mesure les nouveaux dipl\u00f4m\u00e9s r\u00e9pondent-ils \u00e0 ces attentes?<\/li>\n<li>Quelles sont les comp\u00e9tences recherch\u00e9es par le monde des affaires?<\/li>\n<li>Le talent \u00e9quivaut-il \u00e0 la comp\u00e9tence?<\/li>\n<li>Quels sont les crit\u00e8res \u00e0 prendre en compte dans le choix de sa carri\u00e8re et dans son orientation ?<\/li>\n<li>Quels sont les composants de l&rsquo;approche de gestion de talents?<\/li>\n<\/ul>\n<p>Le webinaire est ouvert \u00e0 la participation de tous nos parents.<\/p>\n<div><strong>Pour participer au s\u00e9minaire sur Zoom :<\/strong><\/div>\n<div>https:\/\/us02web.zoom.us\/j\/83820439496<\/div>\n<div><strong>ID : <\/strong>838 2043 9496<\/div>\n<div>\n<div><\/div>\n<\/div>\n","protected":false},"excerpt":{"rendered":"<p>Le mardi 22 d\u00e9cembre, entre 16h et 17h, Mme \u00d6zge ALYU, conseill\u00e8re en \u00e9ducation \u00e0 l&rsquo;Universit\u00e9 Bilgi, sera notre invit\u00e9e pour donner un webinar sur \u00ab\u00a0La gestion des talents dans le d\u00e9veloppement de la carri\u00e8re\u00a0\u00bb. Voici quelques th\u00e8mes qui seront [&hellip;]<\/p>\n","protected":false},"author":1,"featured_media":36791,"comment_status":"closed","ping_status":"closed","sticky":false,"template":"","format":"gallery","meta":{"_monsterinsights_skip_tracking":false,"_monsterinsights_sitenote_active":false,"_monsterinsights_sitenote_note":"","_monsterinsights_sitenote_category":0,"footnotes":""},"categories":[55],"tags":[],"class_list":["post-36815","post","type-post","status-publish","format-gallery","has-post-thumbnail","hentry","category-rencontres","post_format-post-format-gallery"],"_links":{"self":[{"href":"https:\/\/www.sp.k12.tr\/fr\/wp-json\/wp\/v2\/posts\/36815","targetHints":{"allow":["GET"]}}],"collection":[{"href":"https:\/\/www.sp.k12.tr\/fr\/wp-json\/wp\/v2\/posts"}],"about":[{"href":"https:\/\/www.sp.k12.tr\/fr\/wp-json\/wp\/v2\/types\/post"}],"author":[{"embeddable":true,"href":"https:\/\/www.sp.k12.tr\/fr\/wp-json\/wp\/v2\/users\/1"}],"replies":[{"embeddable":true,"href":"https:\/\/www.sp.k12.tr\/fr\/wp-json\/wp\/v2\/comments?post=36815"}],"version-history":[{"count":0,"href":"https:\/\/www.sp.k12.tr\/fr\/wp-json\/wp\/v2\/posts\/36815\/revisions"}],"wp:featuredmedia":[{"embeddable":true,"href":"https:\/\/www.sp.k12.tr\/fr\/wp-json\/wp\/v2\/media\/36791"}],"wp:attachment":[{"href":"https:\/\/www.sp.k12.tr\/fr\/wp-json\/wp\/v2\/media?parent=36815"}],"wp:term":[{"taxonomy":"category","embeddable":true,"href":"https:\/\/www.sp.k12.tr\/fr\/wp-json\/wp\/v2\/categories?post=36815"},{"taxonomy":"post_tag","embeddable":true,"href":"https:\/\/www.sp.k12.tr\/fr\/wp-json\/wp\/v2\/tags?post=36815"}],"curies":[{"name":"wp","href":"https:\/\/api.w.org\/{rel}","templated":true}]}}