{"id":36544,"date":"2020-10-29T08:00:42","date_gmt":"2020-10-29T05:00:42","guid":{"rendered":"https:\/\/www.sp.k12.tr\/?p=36544"},"modified":"2020-11-07T21:18:30","modified_gmt":"2020-11-07T18:18:30","slug":"la-plus-grande-revolution-la-plus-grande-fete","status":"publish","type":"post","link":"https:\/\/www.sp.k12.tr\/fr\/la-plus-grande-revolution-la-plus-grande-fete\/","title":{"rendered":"La plus grande r\u00e9volution, la plus grande f\u00eate !"},"content":{"rendered":"<p><span style=\"font-weight: 400;\">Le 29 octobre 1933, \u00e0 la c\u00e9l\u00e9bration du 10\u00e8me anniversaire de la R\u00e9publique turque, c\u2019est avec ces mots que Mustafa Kemal <\/span><span style=\"font-weight: 400;\">Atat\u00fcrk, son fondateur, s\u2019adresse au peuple \u00e0 l\u2019Hippodrome d\u2019Ankara : \u00ab\u00a0<strong>\u00d4 nation turque ! Nous avons commenc\u00e9 notre guerre d\u2019ind\u00e9pendance il y a 15 ans. Aujourd\u2019hui, c\u2019est la plus grande f\u00eate, notre R\u00e9publique a 10 ans. Bonne f\u00eate <\/strong>!\u201d Il a donc d\u00e9fini ce jour comme une f\u00eate nationale. Cette f\u00eate est le nom de la r\u00e9sistance qui a combattu les grandes puissances du monde, c\u2019est le nom de la lutte d\u2019ind\u00e9pendance et de la fondation de l\u2019Etat-nation, qui ont construit la modernit\u00e9 et les Lumi\u00e8res ; c\u2019est le nom des r\u00e9volutions garantes de notre ind\u00e9pendance, c\u2019est le nom de l\u2019\u00e9pop\u00e9e que notre nation a l\u00e9gu\u00e9e \u00e0 l\u2019histoire.<\/span><\/p>\n<p><i><span style=\"font-weight: 400;\">C\u2019est une \u00e9pop\u00e9e\u2026 C\u2019est notre \u00e9pop\u00e9e\u2026 Une \u00e9pop\u00e9e in\u00e9gal\u00e9e et unique dans l\u2019histoire. C\u2019est nous qui en sommes les acteurs. Nous avons vaincu les grandes puissances. \u00c0 \u0130zmir, \u00e0 Ayd\u0131n, \u00e0 Adana, \u00e0 Urfa, \u00e0 Mara\u015f, dans tous les coins de notre patrie, r\u00e9sistant avec l\u2019esprit des forces arm\u00e9es rebelles, de qui on disait \u201cils n\u2019ont rien d\u2019autre \u00e0 perdre que leurs cha\u00eenes\u201d, notre peuple qui ne s\u2019est pas soumis \u00e0 l\u2019imp\u00e9rialisme, est l\u2019auteur de cette \u00e9pop\u00e9e.<\/span><\/i><\/p>\n<p><span style=\"font-weight: 400;\">Notre grand leader <\/span><span style=\"font-weight: 400;\">Mustafa Kemal Atat\u00fcrk, d\u00e8s ses premiers pas sur le sol de Samsun le 19 mai 1919, a rassembl\u00e9 un pays occup\u00e9 sous le flambeau de l\u2019ind\u00e9pendance, a pav\u00e9 le chemin qui nous a men\u00e9 vers la R\u00e9publique. Le 23 avril 1920, avec l\u2019inauguration de la Grande assembl\u00e9e nationale de Turquie, une nouvelle constitution a \u00e9t\u00e9 pr\u00e9par\u00e9e. Le 29 octobre 1923, avec la proclamation de la R\u00e9publique, un empire en d\u00e9clin et paup\u00e9ris\u00e9 a \u00e9t\u00e9 transform\u00e9 un Etat-Nation moderne, respect\u00e9 par le monde entier et en avance sur son \u00e9poque.<\/span><\/p>\n<p><span style=\"font-weight: 400;\">\u201c<strong>Ce pays qui ressemble \u00e0 la t\u00eate d&rsquo;une jument<\/strong><\/span><\/p>\n<p><strong>Venue au grand galop de l&rsquo;Asie lointaine<\/strong><\/p>\n<p><strong>Pour se tremper dans la M\u00e9diterran\u00e9e,<\/strong><\/p>\n<p><strong>ce pays est le n\u00f4tre.<\/strong><\/p>\n<p>&nbsp;<\/p>\n<p><strong>Poignets en sang, dents serr\u00e9es, pieds nus,<\/strong><\/p>\n<p><strong>Une terre semblable \u00e0 un tapis de soie,<\/strong><\/p>\n<p><strong>cet enfer, ce paradis est le n\u00f4tre.<\/strong><\/p>\n<p>&nbsp;<\/p>\n<p><strong>Que les portes se ferment qui sont celles des autres,<\/strong><\/p>\n<p><strong>Qu&rsquo;elles se ferment \u00e0 jamais,<\/strong><\/p>\n<p><strong>Que les hommes cessent d&rsquo;\u00eatre les esclaves des hommes,<\/strong><\/p>\n<p><strong>cet appel est le n\u00f4tre.<\/strong><\/p>\n<p>&nbsp;<\/p>\n<p><strong>Vivre comme un arbre, seul et libre,<\/strong><\/p>\n<p><strong>Vivre en fr\u00e8res comme les arbres d&rsquo;une for\u00eat,<\/strong><\/p>\n<p><span style=\"font-weight: 400;\"><strong>cette attente est la n\u00f4tre&#8230;<\/strong>\u201d<\/span><\/p>\n<p>&nbsp;<\/p>\n","protected":false},"excerpt":{"rendered":"<p>Le 29 octobre 1933, \u00e0 la c\u00e9l\u00e9bration du 10\u00e8me anniversaire de la R\u00e9publique turque, c\u2019est avec ces mots que Mustafa Kemal Atat\u00fcrk, son fondateur, s\u2019adresse au peuple \u00e0 l\u2019Hippodrome d\u2019Ankara : \u00ab\u00a0\u00d4 nation turque ! Nous avons commenc\u00e9 notre guerre [&hellip;]<\/p>\n","protected":false},"author":1,"featured_media":36541,"comment_status":"closed","ping_status":"closed","sticky":false,"template":"","format":"gallery","meta":{"_monsterinsights_skip_tracking":false,"_monsterinsights_sitenote_active":false,"_monsterinsights_sitenote_note":"","_monsterinsights_sitenote_category":0,"footnotes":""},"categories":[52,400],"tags":[],"class_list":["post-36544","post","type-post","status-publish","format-gallery","has-post-thumbnail","hentry","category-ceremonies-et-histoire","category-general","post_format-post-format-gallery"],"_links":{"self":[{"href":"https:\/\/www.sp.k12.tr\/fr\/wp-json\/wp\/v2\/posts\/36544","targetHints":{"allow":["GET"]}}],"collection":[{"href":"https:\/\/www.sp.k12.tr\/fr\/wp-json\/wp\/v2\/posts"}],"about":[{"href":"https:\/\/www.sp.k12.tr\/fr\/wp-json\/wp\/v2\/types\/post"}],"author":[{"embeddable":true,"href":"https:\/\/www.sp.k12.tr\/fr\/wp-json\/wp\/v2\/users\/1"}],"replies":[{"embeddable":true,"href":"https:\/\/www.sp.k12.tr\/fr\/wp-json\/wp\/v2\/comments?post=36544"}],"version-history":[{"count":0,"href":"https:\/\/www.sp.k12.tr\/fr\/wp-json\/wp\/v2\/posts\/36544\/revisions"}],"wp:featuredmedia":[{"embeddable":true,"href":"https:\/\/www.sp.k12.tr\/fr\/wp-json\/wp\/v2\/media\/36541"}],"wp:attachment":[{"href":"https:\/\/www.sp.k12.tr\/fr\/wp-json\/wp\/v2\/media?parent=36544"}],"wp:term":[{"taxonomy":"category","embeddable":true,"href":"https:\/\/www.sp.k12.tr\/fr\/wp-json\/wp\/v2\/categories?post=36544"},{"taxonomy":"post_tag","embeddable":true,"href":"https:\/\/www.sp.k12.tr\/fr\/wp-json\/wp\/v2\/tags?post=36544"}],"curies":[{"name":"wp","href":"https:\/\/api.w.org\/{rel}","templated":true}]}}