{"id":35180,"date":"2020-06-28T09:06:44","date_gmt":"2020-06-28T06:06:44","guid":{"rendered":"https:\/\/www.sp.k12.tr\/?p=35180"},"modified":"2020-07-08T10:12:53","modified_gmt":"2020-07-08T07:12:53","slug":"zoom-sur-les-projets-de-responsabilite-sociale","status":"publish","type":"post","link":"https:\/\/www.sp.k12.tr\/fr\/zoom-sur-les-projets-de-responsabilite-sociale\/","title":{"rendered":"Zoom sur les projets de responsabilit\u00e9 sociale"},"content":{"rendered":"<p><span style=\"font-size: large;\">Courageux et consciencieux d\u00e9fenseurs des droits, les jeunes du Lyc\u00e9e Sainte Pulch\u00e9rie font des efforts pour s&rsquo;investir dans des missions sociales. Nous leur apprenons \u00e0 faire le lien entre la paix sociale et la paix dans le monde, sans discrimination de langue, de religion ou de confession.\u00a0<\/span><\/p>\n<p><span style=\"font-size: large;\">Tous les ans, les \u00e9l\u00e8ves embrassent le monde par la transmission des valeurs du lyc\u00e9e, de g\u00e9n\u00e9ration en g\u00e9n\u00e9ration. Au lyc\u00e9e, nous d\u00e9veloppons une s\u00e9rie de projets pour faire entendre la voix des femmes dans la soci\u00e9t\u00e9 au nom de l\u2019\u00e9galit\u00e9 des sexes, pour qu\u2019elles existent gr\u00e2ce \u00e0 l\u2019\u00e9ducation et au droit \u00e0 l\u2019expression. Ces projets laissent des traces inoubliables dans l\u2019individualit\u00e9 et le c\u0153ur des jeunes qui construiront l\u2019avenir de notre soci\u00e9t\u00e9. Notre souhaitons partager des id\u00e9es et proposer des solutions afin de faire grandir nos \u00e9l\u00e8ves, pour qu&rsquo;ils deviennent des individus conscients de leurs responsabilit\u00e9s sociales et du monde qu&rsquo;ils habitent.<\/span><\/p>\n<p><span style=\"font-size: large;\">A c\u00f4t\u00e9 de notre projet autour des femmes, les \u00e9l\u00e8ves participent \u00e0 un autre projet de responsabilit\u00e9 sociale en direction des personnes \u00e2g\u00e9es et de publics fragilis\u00e9s. Nous souhaitons, avec nos \u00e9l\u00e8ves, faire sentir \u00e0 ces personnes qu&rsquo;elles ne sont pas seules. L\u2019objectif de notre projet \u201cLes b\u00e9n\u00e9voles de l\u2019H\u00f4pital de La Paix\u201d est de nouer des liens affectueux avec nos a\u00een\u00e9s \u00e0 qui nous nous rendons r\u00e9guli\u00e8rement visite durant l&rsquo;ann\u00e9e. Ces rencontres apportent du bonheur et chacun d&rsquo;entre nous, jeunes et moins jeunes, le ressentons lorsque nos regards se croisent.<\/span><\/p>\n<p><span style=\"font-size: large;\">L\u2019\u00e9ducation atteint son v\u00e9ritable objectif quand elle embrasse tous les aspects de la vie et qu\u2019elle devient un style de vie. Ainsi, elle trouve sa valeur et se transforme en un savoir \u00eatre qui nous accompagne tout au long de notre vie.<\/span><\/p>\n","protected":false},"excerpt":{"rendered":"<p>Courageux et consciencieux d\u00e9fenseurs des droits, les jeunes du Lyc\u00e9e Sainte Pulch\u00e9rie font des efforts pour s&rsquo;investir dans des missions sociales. Nous leur apprenons \u00e0 faire le lien entre la paix sociale et la paix dans le monde, sans discrimination [&hellip;]<\/p>\n","protected":false},"author":1,"featured_media":35183,"comment_status":"closed","ping_status":"closed","sticky":false,"template":"post-template.php","format":"gallery","meta":{"_monsterinsights_skip_tracking":false,"_monsterinsights_sitenote_active":false,"_monsterinsights_sitenote_note":"","_monsterinsights_sitenote_category":0,"footnotes":""},"categories":[57,397],"tags":[],"class_list":["post-35180","post","type-post","status-publish","format-gallery","has-post-thumbnail","hentry","category-travaux-des-eleves","category-zoom","post_format-post-format-gallery"],"_links":{"self":[{"href":"https:\/\/www.sp.k12.tr\/fr\/wp-json\/wp\/v2\/posts\/35180","targetHints":{"allow":["GET"]}}],"collection":[{"href":"https:\/\/www.sp.k12.tr\/fr\/wp-json\/wp\/v2\/posts"}],"about":[{"href":"https:\/\/www.sp.k12.tr\/fr\/wp-json\/wp\/v2\/types\/post"}],"author":[{"embeddable":true,"href":"https:\/\/www.sp.k12.tr\/fr\/wp-json\/wp\/v2\/users\/1"}],"replies":[{"embeddable":true,"href":"https:\/\/www.sp.k12.tr\/fr\/wp-json\/wp\/v2\/comments?post=35180"}],"version-history":[{"count":0,"href":"https:\/\/www.sp.k12.tr\/fr\/wp-json\/wp\/v2\/posts\/35180\/revisions"}],"wp:featuredmedia":[{"embeddable":true,"href":"https:\/\/www.sp.k12.tr\/fr\/wp-json\/wp\/v2\/media\/35183"}],"wp:attachment":[{"href":"https:\/\/www.sp.k12.tr\/fr\/wp-json\/wp\/v2\/media?parent=35180"}],"wp:term":[{"taxonomy":"category","embeddable":true,"href":"https:\/\/www.sp.k12.tr\/fr\/wp-json\/wp\/v2\/categories?post=35180"},{"taxonomy":"post_tag","embeddable":true,"href":"https:\/\/www.sp.k12.tr\/fr\/wp-json\/wp\/v2\/tags?post=35180"}],"curies":[{"name":"wp","href":"https:\/\/api.w.org\/{rel}","templated":true}]}}