{"id":35088,"date":"2020-06-25T14:49:57","date_gmt":"2020-06-25T11:49:57","guid":{"rendered":"https:\/\/www.sp.k12.tr\/?p=35088"},"modified":"2020-08-13T13:30:31","modified_gmt":"2020-08-13T10:30:31","slug":"buzzons-contre-le-sexisme","status":"publish","type":"post","link":"https:\/\/www.sp.k12.tr\/fr\/buzzons-contre-le-sexisme\/","title":{"rendered":"Buzzons contre le sexisme !"},"content":{"rendered":"<p>Apr\u00e8s quelques s\u00e9ances qui permettent de prendre un peu de hauteur sur ce sujet, parmi lesquelles le visionnage de diverses initiatives en provenance du monde entier, nous demandons aux \u00e9l\u00e8ves en d\u00e9but de s\u00e9quence de \u00ab\u00a0changer de lunettes\u00a0\u00bb et de porter leur attention sur des petits d\u00e9tails du quotidien qui rel\u00e8vent du sexisme.<\/p>\n<p>Comme nous cherchons toujours des moyens de rendre notre enseignement plus concret et plus en phase avec le r\u00e9el, nous faisons participer les \u00e9l\u00e8ves au concours de vid\u00e9os BUZZONS CONTRE LE SEXISME. Soutenu entre autres par le Minist\u00e8re de l&rsquo;Education nationale, ce concours s&rsquo;adresse aux jeunes de moins de 25 ans, en groupe, en classe, ou encore en individuel. Il s&rsquo;agit de r\u00e9aliser une vid\u00e9o de 2 \u00e0 6 minutes pour d\u00e9noncer un comportement sexiste. Le sc\u00e9nario est imagin\u00e9 pendant du temps scolaire avec le conseil des professeurs-r\u00e9f\u00e9rents. Le tournage, la r\u00e9alisation et le montage sont effectu\u00e9s en totale autonomie.<\/p>\n<p>Cette ann\u00e9e, c\u2019est la vid\u00e9o de \u0130ris, Buse et Defne (11B) qui a particuli\u00e8rement retenu l\u2019attention du jury. Leur reportage intitul\u00e9 \u00a0\u00bbTurquie \u00e0 la bonne franquette\u00a0\u00bb est visible sur Youtube : <a href=\"https:\/\/www.youtube.com\/watch?v=a_koTD0Fcls&amp;feature=youtu.be\" target=\"_blank\" rel=\"noopener noreferrer\">cliquer ici<\/a><\/p>\n<p>Voici ce que les \u00e9l\u00e8ves avaient \u00e9crit dans leur fiche de pr\u00e9paration :<br \/>\n\u2019\u2019Notre intention avec cette vid\u00e9o c\u2019est de montrer \u00e0 d&rsquo;autres pays la vraie Turquie en brisant les barri\u00e8res de la langue et les pr\u00e9jug\u00e9s sur ce pays qui est un pont entre les cultures occidentales et orientales.\u2019\u2019<\/p>\n<p>La remise des prix s\u2019est exceptionnellement faite en ligne en raison de la crise sanitaire, et contrairement aux ann\u00e9es pr\u00e9c\u00e9dentes, les \u00e9l\u00e8ves dont la vid\u00e9o a \u00e9t\u00e9 pr\u00e9s\u00e9lectionn\u00e9e ont pu y participer. Le replay de la c\u00e9r\u00e9monie est <a href=\"https:\/\/vimeo.com\/431072365\" target=\"_blank\" rel=\"noopener noreferrer\">ici<\/a> et vous pouvez \u00e9couter l&rsquo;avis du jury sur le reportage \u00a0\u00bbTurquie \u00e0 la bonne franquette\u00a0\u00bb \u00e0 cet endroit de la video: 1&rsquo;23\u00a0\u00bb33\u00a0\u00bb&rsquo;<\/p>\n<p>Encore bravo \u00e0 \u0130ris, Defne et Buse pour leur film plein de sensibilit\u00e9 et de finesse.<\/p>\n<p>&#8212;&#8212;&#8212;<\/p>\n<p>Voici d\u2019autres vid\u00e9os retenues les ann\u00e9es pr\u00e9c\u00e9dentes par les organisateurs du concours :<\/p>\n<p><strong>Des briques dans la t\u00eate (2019), <a href=\"https:\/\/www.dailymotion.com\/video\/x749ziy?playlist=x6bg7c\" target=\"_blank\" rel=\"noopener noreferrer\">cliquer ici<\/a><\/strong><br \/>\nLes \u00e9l\u00e8ves voulaient d\u00e9noncer les gens qui pensent que les sentiments et les comportements ont un sexe en faisant de l\u2019empathie. Une femme qui marche dans la rue voit des gens \u00e0 gauche et \u00e0 droite. Ces personnes font des actions qui ne sont pas typiques de leur sexe.<\/p>\n<p><strong>La biche contre le lion (2018), <a href=\"https:\/\/www.dailymotion.com\/video\/x6gbn4g\" target=\"_blank\" rel=\"noopener noreferrer\">cliquer ici<\/a><\/strong><br \/>\nL&rsquo;id\u00e9e de base provient d&rsquo;une remarque en cours de la jeune fille qui joue dans le film avec sa vraie famille : \u00a0\u00bbMadame, est-ce que c&rsquo;est sexiste si mon p\u00e8re appelle mon fr\u00e8re \u00a0\u00bbmon lion\u00a0\u00bb et qu&rsquo;il m&rsquo;appelle \u00a0\u00bbma biche\u00a0\u00bb ? (en turc : \u00ab\u00a0mon mouton\u00a0\u00bb). Cette question si fra\u00eeche a imm\u00e9diatement \u00e9t\u00e9 le point de d\u00e9part de leur sc\u00e9nario. Nous appr\u00e9cions particuli\u00e8rement cette immersion dans le quotidien d\u2019une famille turque, qui de plus, est la v\u00e9ritable famille de l\u2019\u00e9l\u00e8ve.<\/p>\n<p><strong>Les clich\u00e9s de genre (2018), <a href=\"https:\/\/www.dailymotion.com\/video\/x6gbyro\" target=\"_blank\" rel=\"noopener noreferrer\">cliquer ici<\/a><\/strong><br \/>\nIl s&rsquo;agissait de d\u00e9noncer les st\u00e9r\u00e9otypes de genre en suscitant l&#8217;empathie chez le spectateur. Le temps a manqu\u00e9 pour r\u00e9aliser quelque chose dont les \u00e9l\u00e8ves soient r\u00e9ellement fiers et avec un vrai sentiment d\u2019accomplissement. Le sc\u00e9nario n\u2019est pas extr\u00eamement original mais ils ont recueilli un pl\u00e9biscite aupr\u00e8s de leurs camarades qui se sont reconnus dans tous ces petits d\u00e9tails du quotidien. Le jury du concours a appr\u00e9ci\u00e9 leur fra\u00eecheur et leur spontan\u00e9it\u00e9.<\/p>\n<p><strong>Turquie \u00e0 la bonne franquette<\/strong><\/p>\n<p><iframe src=\"https:\/\/www.youtube.com\/embed\/a_koTD0Fcls\" width=\"560\" height=\"315\" frameborder=\"0\" allowfullscreen=\"allowfullscreen\"><\/iframe><\/p>\n","protected":false},"excerpt":{"rendered":"<p>Apr\u00e8s quelques s\u00e9ances qui permettent de prendre un peu de hauteur sur ce sujet, parmi lesquelles le visionnage de diverses initiatives en provenance du monde entier, nous demandons aux \u00e9l\u00e8ves en d\u00e9but de s\u00e9quence de \u00ab\u00a0changer de lunettes\u00a0\u00bb et de [&hellip;]<\/p>\n","protected":false},"author":1,"featured_media":35093,"comment_status":"closed","ping_status":"closed","sticky":false,"template":"","format":"gallery","meta":{"_monsterinsights_skip_tracking":false,"_monsterinsights_sitenote_active":false,"_monsterinsights_sitenote_note":"","_monsterinsights_sitenote_category":0,"footnotes":""},"categories":[57],"tags":[],"class_list":["post-35088","post","type-post","status-publish","format-gallery","has-post-thumbnail","hentry","category-travaux-des-eleves","post_format-post-format-gallery"],"_links":{"self":[{"href":"https:\/\/www.sp.k12.tr\/fr\/wp-json\/wp\/v2\/posts\/35088","targetHints":{"allow":["GET"]}}],"collection":[{"href":"https:\/\/www.sp.k12.tr\/fr\/wp-json\/wp\/v2\/posts"}],"about":[{"href":"https:\/\/www.sp.k12.tr\/fr\/wp-json\/wp\/v2\/types\/post"}],"author":[{"embeddable":true,"href":"https:\/\/www.sp.k12.tr\/fr\/wp-json\/wp\/v2\/users\/1"}],"replies":[{"embeddable":true,"href":"https:\/\/www.sp.k12.tr\/fr\/wp-json\/wp\/v2\/comments?post=35088"}],"version-history":[{"count":0,"href":"https:\/\/www.sp.k12.tr\/fr\/wp-json\/wp\/v2\/posts\/35088\/revisions"}],"wp:featuredmedia":[{"embeddable":true,"href":"https:\/\/www.sp.k12.tr\/fr\/wp-json\/wp\/v2\/media\/35093"}],"wp:attachment":[{"href":"https:\/\/www.sp.k12.tr\/fr\/wp-json\/wp\/v2\/media?parent=35088"}],"wp:term":[{"taxonomy":"category","embeddable":true,"href":"https:\/\/www.sp.k12.tr\/fr\/wp-json\/wp\/v2\/categories?post=35088"},{"taxonomy":"post_tag","embeddable":true,"href":"https:\/\/www.sp.k12.tr\/fr\/wp-json\/wp\/v2\/tags?post=35088"}],"curies":[{"name":"wp","href":"https:\/\/api.w.org\/{rel}","templated":true}]}}