{"id":34782,"date":"2020-06-11T09:24:21","date_gmt":"2020-06-11T06:24:21","guid":{"rendered":"https:\/\/www.sp.k12.tr\/?p=34782"},"modified":"2020-06-12T12:14:11","modified_gmt":"2020-06-12T09:14:11","slug":"le-journaliste-musa-alioglu-etait-linvite-de-nos-cours","status":"publish","type":"post","link":"https:\/\/www.sp.k12.tr\/fr\/le-journaliste-musa-alioglu-etait-linvite-de-nos-cours\/","title":{"rendered":"Le journaliste Musa Alio\u011flu \u00e9tait l\u2019invit\u00e9 de nos cours"},"content":{"rendered":"<p><span style=\"font-weight: 400;\">Musa Alio\u011flu a fait une intervention sur le journalisme en ligne et la conception contemporaine des m\u00e9dias, en \u00e9voquant la presse audiovisuelle, la presse \u00e9crite et les r\u00e9seaux sociaux dans le contexte des principes d\u00e9ontologiques de la presse. Nos \u00e9l\u00e8ves lui ont demand\u00e9 comment il \u00e9value l\u2019usage de la langue turque dans les m\u00e9dias aujourd\u2019hui, quels sont les processus de r\u00e9daction journalistique, et comment v\u00e9rifier la fiabilit\u00e9 des informations.\u00a0<\/span><\/p>\n<p><span style=\"font-weight: 400;\">Nous remercions Musa Alio\u011flu pour sa contribution.<\/span><\/p>\n<p><span style=\"font-weight: 400;\"><strong>Voici la traduction de quelques-uns des commentaires r\u00e9dig\u00e9s par nos \u00e9l\u00e8ves.<\/strong> Pour lire l\u2019ensemble des retours d\u2019\u00e9l\u00e8ves, vous pouvez consulter la version turque de l\u2019article.<\/span><\/p>\n<p><span style=\"font-weight: 400;\">\u201cLa rencontre qui a \u00e9t\u00e9 r\u00e9alis\u00e9e aujourd\u2019hui m\u2019a permis d\u2019avoir de bonnes informations utiles sur un m\u00e9tier sur lequel je n\u2019avais jamais r\u00e9fl\u00e9chi en profondeur. Cela a chang\u00e9 certaines de mes id\u00e9es et de mes pr\u00e9jug\u00e9s sur les m\u00e9dias. J\u2019ai compris \u00e0 quel point les m\u00e9dias sont importantes, que ce secteur est le miroir de la soci\u00e9t\u00e9. Avec les questions pos\u00e9es par mes amis, on est all\u00e9 plus loin que le th\u00e8me du journalisme dans notre pays, nous avons appris de nouvelles choses. Dans le m\u00eame temps, Musa Alio\u011flu nous a fait voyager dans le pass\u00e9 en racontant ses souvenirs de journalisme, nous avons fait le tour de <\/span><span style=\"font-weight: 400;\">Ca\u011falo\u011flu, \u00e9cout\u00e9 ses souvenirs avec Ya\u015far Kemal.\u00bb (<\/span><b>Dila, 10A)\u00a0<\/b><\/p>\n<p><span style=\"font-weight: 400;\">\u00ab Ce qui m\u2019a le plus impressionn\u00e9 dans cette rencontre a \u00e9t\u00e9 l\u2019\u00e9nergie positive de M. Musa. En cette p\u00e9riode o\u00f9 il est tr\u00e8s difficile de se motiver pour tout le monde, il s\u2019est connect\u00e9 \u00e0 notre cours t\u00f4t le matin pour nous parler, avec dynamisme et envie de transmettre, de son m\u00e9tier et de son exp\u00e9rience. Je le remercie de nous avoir consacr\u00e9 du temps.\u00bb (<\/span><b>Ege, 10B)<\/b><\/p>\n<p><span style=\"font-weight: 400;\">\u00ab D\u2019abord je voudrais le remercier de nous consacrer du temps et d\u2019avoir accept\u00e9 de nous rencontrer. Il nous a rappel\u00e9 les difficult\u00e9s du m\u00e9tier de journaliste et tous les efforts qu\u2019il d\u00e9ploie pour atteindre la bonne information. M\u00eame si la technologie est tr\u00e8s d\u00e9velopp\u00e9e, le m\u00e9tier de journaliste ne doit pas perdre de sa valeur, voil\u00e0 ce que cette rencontre nous a rappel\u00e9. Si nous avions eu un peu plus de temps, je lui aurais pos\u00e9 une question sur le principe d\u2019impartialit\u00e9 en journalisme et son opinion sur la situation actuelle, ce qu\u2019il peut en dire \u00e0 partir de son exp\u00e9rience.\u00bb (<\/span><b>Defne, 10C)<\/b><\/p>\n<p><span style=\"font-weight: 400;\">\u00ab Je voudrais remercier M. Musa pour cet entretien sur le m\u00e9tier de journaliste parce qu\u2019il a chang\u00e9 mon point de vue sur le journalisme. Selon moi, c\u2019\u00e9tait vraiment tr\u00e8s gentil qu\u2019une personne aussi cultiv\u00e9e que lui consacre du temps \u00e0 nous, \u00e9l\u00e8ves. Je remercie mes professeurs et M Musa parce qu\u2019ils m\u2019ont permis de participer \u00e0 cette activit\u00e9.\u00bb (<\/span><b>Kerem, 10D)<\/b><\/p>\n<p><span style=\"font-weight: 400;\">\u00ab C\u2019\u00e9tait tr\u00e8s bien que nos professeurs de litt\u00e9rature organisent cette activit\u00e9 tr\u00e8s utile et agr\u00e9able. J\u2019ai \u00e9t\u00e9 impressionn\u00e9e par ce que <\/span><span style=\"font-weight: 400;\">Musa Alio\u011flu nous a dit, j\u2019ai appris beaucoup de choses. Suite \u00e0 ma question sur la libert\u00e9 de la presse, il a insist\u00e9 sur le fait que le journalisme doit \u00eatre une branche ind\u00e9pendante et d\u00e9mocratique comme la soci\u00e9t\u00e9 civile. Je suis tout \u00e0 fait d\u2019accord avec cette id\u00e9e.\u00bb (<\/span><b>Ada, 10A)<\/b><\/p>\n<p>&nbsp;<\/p>\n","protected":false},"excerpt":{"rendered":"<p>Musa Alio\u011flu a fait une intervention sur le journalisme en ligne et la conception contemporaine des m\u00e9dias, en \u00e9voquant la presse audiovisuelle, la presse \u00e9crite et les r\u00e9seaux sociaux dans le contexte des principes d\u00e9ontologiques de la presse. Nos \u00e9l\u00e8ves [&hellip;]<\/p>\n","protected":false},"author":1,"featured_media":0,"comment_status":"closed","ping_status":"closed","sticky":false,"template":"","format":"gallery","meta":{"_monsterinsights_skip_tracking":false,"_monsterinsights_sitenote_active":false,"_monsterinsights_sitenote_note":"","_monsterinsights_sitenote_category":0,"footnotes":""},"categories":[55],"tags":[],"class_list":["post-34782","post","type-post","status-publish","format-gallery","hentry","category-rencontres","post_format-post-format-gallery"],"_links":{"self":[{"href":"https:\/\/www.sp.k12.tr\/fr\/wp-json\/wp\/v2\/posts\/34782","targetHints":{"allow":["GET"]}}],"collection":[{"href":"https:\/\/www.sp.k12.tr\/fr\/wp-json\/wp\/v2\/posts"}],"about":[{"href":"https:\/\/www.sp.k12.tr\/fr\/wp-json\/wp\/v2\/types\/post"}],"author":[{"embeddable":true,"href":"https:\/\/www.sp.k12.tr\/fr\/wp-json\/wp\/v2\/users\/1"}],"replies":[{"embeddable":true,"href":"https:\/\/www.sp.k12.tr\/fr\/wp-json\/wp\/v2\/comments?post=34782"}],"version-history":[{"count":0,"href":"https:\/\/www.sp.k12.tr\/fr\/wp-json\/wp\/v2\/posts\/34782\/revisions"}],"wp:attachment":[{"href":"https:\/\/www.sp.k12.tr\/fr\/wp-json\/wp\/v2\/media?parent=34782"}],"wp:term":[{"taxonomy":"category","embeddable":true,"href":"https:\/\/www.sp.k12.tr\/fr\/wp-json\/wp\/v2\/categories?post=34782"},{"taxonomy":"post_tag","embeddable":true,"href":"https:\/\/www.sp.k12.tr\/fr\/wp-json\/wp\/v2\/tags?post=34782"}],"curies":[{"name":"wp","href":"https:\/\/api.w.org\/{rel}","templated":true}]}}