{"id":34608,"date":"2020-06-09T13:06:33","date_gmt":"2020-06-09T10:06:33","guid":{"rendered":"https:\/\/www.sp.k12.tr\/?p=34608"},"modified":"2020-06-10T13:15:57","modified_gmt":"2020-06-10T10:15:57","slug":"zoom-corona-journal-en-francais-en-classe-preparatoire","status":"publish","type":"post","link":"https:\/\/www.sp.k12.tr\/fr\/zoom-corona-journal-en-francais-en-classe-preparatoire\/","title":{"rendered":"Zoom : Corona journal en fran\u00e7ais en classe pr\u00e9paratoire"},"content":{"rendered":"<p class=\"normal\"><b><span lang=\"FR\">Objectifs :<\/span><\/b><\/p>\n<ul>\n<li class=\"normal\"><span lang=\"FR\">R\u00e9investir ce qui a \u00e9t\u00e9 \u00e9tudi\u00e9 durant les cours de fran\u00e7ais \u00e0 distance<\/span><b><\/b><\/li>\n<li class=\"normal\"><span lang=\"FR\">Garder confiance en soi<\/span><b><\/b><\/li>\n<li class=\"normal\"><span lang=\"FR\">Motiver les \u00e9l\u00e8ves qui n\u2019ont que quelques mois d\u2019apprentissage de la langue fran\u00e7aise<\/span><b><\/b><\/li>\n<\/ul>\n<p class=\"normal\"><b><span lang=\"FR\">Zoom\u00a0: Corona Journal<\/span><\/b><\/p>\n<p class=\"normal\"><span lang=\"FR\">Chaque jour, un \u00e9l\u00e8ve r\u00e9dige un petit article. La r\u00e8gle est d\u2019expliquer ce qui a \u00e9t\u00e9 vu en cours, de pr\u00e9senter une ou deux citations de son choix en fran\u00e7ais et en turc, de partager une chanson avec la classe. Les plus curieux pr\u00e9sentent aussi, sous forme d\u2019images ou de vid\u00e9os, un petit sujet en lien avec la culture fran\u00e7aise et francophone. <\/span><\/p>\n<p class=\"normal\"><span lang=\"FR\">C\u2019est devenu le rituel\u00a0: chaque jour les cours commencent par la lecture de l\u2019article et l\u2019\u00e9coute de la chanson partag\u00e9e. Tous aiment beaucoup ce moment !<\/span><\/p>\n<p class=\"normal\"><b><span lang=\"FR\">Cette pratique quotidienne permet :<\/span><\/b><\/p>\n<ul>\n<li class=\"normal\"><span lang=\"FR\">D&rsquo;entretenir les comp\u00e9tences de production \u00e9crite<\/span><b><\/b><\/li>\n<li class=\"normal\"><span lang=\"FR\">De lire, pr\u00e9senter son article \u00e0 l\u2019ensemble de la classe<\/span><b><\/b><\/li>\n<li class=\"normal\"><span lang=\"FR\">De faire des recherches qui \u00e9largissent la culture g\u00e9n\u00e9rale des \u00e9l\u00e8ves<\/span><b><\/b><\/li>\n<li class=\"normal\"><span lang=\"FR\">De mieux r\u00e9diger, apprendre \u00e0 pr\u00e9senter un texte<\/span><b><\/b><\/li>\n<li class=\"normal\"><span lang=\"FR\">De partager quelque chose que l\u2019on aime avec les autres<\/span><b><\/b><\/li>\n<li class=\"normal\"><span lang=\"FR\">De commencer les cours dans la d\u00e9tente et la bonne humeur<\/span><b><\/b><\/li>\n<\/ul>\n<p class=\"normal\"><b><span lang=\"FR\">Retour sur l\u2019exp\u00e9rience par notre professeur Mme Jocelyne :<\/span><\/b><\/p>\n<p class=\"normal\"><span lang=\"FR\">\u00ab Les \u00e9l\u00e8ves ont tr\u00e8s vite adopt\u00e9 cette pratique de classe et ont tout de suite pris en charge la r\u00e9daction de ce petit journal de bord, de fa\u00e7on autonome. Chaque soir, je trouve le dernier article r\u00e9dig\u00e9, d\u00e9pos\u00e9 dans le dossier drive partag\u00e9 ; je le survole et le corrige si besoin. Ensuite, le r\u00e9dacteur le relit et le reprend. C\u2019est un petit rituel tr\u00e8s agr\u00e9able pour tout le monde, qui permet de partager ses go\u00fbts, ses centres d\u2019int\u00e9r\u00eats, de faire d\u00e9couvrir quelque chose que l\u2019on a aim\u00e9. Ainsi, nous avons eu le plaisir de pr\u00e9senter la ville de Lyon, la Corse, la Bretagne, de regarder des vid\u00e9os humoristiques sur la difficult\u00e9 de prononcer et d\u2019apprendre la langue fran\u00e7aise, et surtout, nous avons \u00e9cout\u00e9 de nombreuses chansons, allant de tubes de Bar\u0131\u015f Man\u00e7o et d\u2019anciennes chansons populaires fran\u00e7aises \u00e0 des chanteurs d\u2019aujourd\u2019hui. D\u2019apr\u00e8s Z\u00fclal, une \u00e9l\u00e8ve qui a choisi de nous faire d\u00e9couvrir l\u2019art de la p\u00e2tisserie fran\u00e7aise \u00e0 travers une vid\u00e9o tr\u00e8s int\u00e9ressante, ce journal de classe et ces chansons que nous \u00e9coutons sont une \u00ab respiration \u00bb, une \u00ab bouff\u00e9e d\u2019air qui permet de s\u2019\u00e9chapper un peu du quotidien et de l\u2019enfermement. \u00bb<\/span><\/p>\n<p><strong>Souvenir d&rsquo;enfance d&rsquo;\u00e9l\u00e8ves de classe pr\u00e9paratoire D :<\/strong><\/p>\n<p>\u00c7a\u011fan &#8211; Un oeuf extraordinaire :<\/p>\n<!--[if lt IE 9]><script>document.createElement('audio');<\/script><![endif]-->\n<audio class=\"wp-audio-shortcode\" id=\"audio-34608-1\" preload=\"none\" style=\"width: 100%;\" controls=\"controls\"><source type=\"audio\/mpeg\" src=\"https:\/\/www.sp.k12.tr\/wp-content\/uploads\/2020\/06\/\u00c7a\u011fan-HazD-Un-oeuf-extraordinaire.mp3?_=1\" \/><a href=\"https:\/\/www.sp.k12.tr\/wp-content\/uploads\/2020\/06\/\u00c7a\u011fan-HazD-Un-oeuf-extraordinaire.mp3\">https:\/\/www.sp.k12.tr\/wp-content\/uploads\/2020\/06\/\u00c7a\u011fan-HazD-Un-oeuf-extraordinaire.mp3<\/a><\/audio>\n<p>Selen &#8211; Des Vacances Terribles :<\/p>\n<audio class=\"wp-audio-shortcode\" id=\"audio-34608-2\" preload=\"none\" style=\"width: 100%;\" controls=\"controls\"><source type=\"audio\/mpeg\" src=\"https:\/\/www.sp.k12.tr\/wp-content\/uploads\/2020\/06\/Selen-HazD-Des-Vacances-Terribles.m4a?_=2\" \/><a href=\"https:\/\/www.sp.k12.tr\/wp-content\/uploads\/2020\/06\/Selen-HazD-Des-Vacances-Terribles.m4a\">https:\/\/www.sp.k12.tr\/wp-content\/uploads\/2020\/06\/Selen-HazD-Des-Vacances-Terribles.m4a<\/a><\/audio>\n<p>Emin :<\/p>\n<audio class=\"wp-audio-shortcode\" id=\"audio-34608-3\" preload=\"none\" style=\"width: 100%;\" controls=\"controls\"><source type=\"audio\/mpeg\" src=\"https:\/\/www.sp.k12.tr\/wp-content\/uploads\/2020\/06\/Emin-HazD.m4a?_=3\" \/><a href=\"https:\/\/www.sp.k12.tr\/wp-content\/uploads\/2020\/06\/Emin-HazD.m4a\">https:\/\/www.sp.k12.tr\/wp-content\/uploads\/2020\/06\/Emin-HazD.m4a<\/a><\/audio>\n<p>Ege :<\/p>\n<audio class=\"wp-audio-shortcode\" id=\"audio-34608-4\" preload=\"none\" style=\"width: 100%;\" controls=\"controls\"><source type=\"audio\/mpeg\" src=\"https:\/\/www.sp.k12.tr\/wp-content\/uploads\/2020\/06\/Ege-HazD.mp3?_=4\" \/><a href=\"https:\/\/www.sp.k12.tr\/wp-content\/uploads\/2020\/06\/Ege-HazD.mp3\">https:\/\/www.sp.k12.tr\/wp-content\/uploads\/2020\/06\/Ege-HazD.mp3<\/a><\/audio>\n<p>Nazl\u0131 :<\/p>\n<audio class=\"wp-audio-shortcode\" id=\"audio-34608-5\" preload=\"none\" style=\"width: 100%;\" controls=\"controls\"><source type=\"audio\/mpeg\" src=\"https:\/\/www.sp.k12.tr\/wp-content\/uploads\/2020\/06\/Nazl\u0131-HazD.mp3?_=5\" \/><a href=\"https:\/\/www.sp.k12.tr\/wp-content\/uploads\/2020\/06\/Nazl\u0131-HazD.mp3\">https:\/\/www.sp.k12.tr\/wp-content\/uploads\/2020\/06\/Nazl\u0131-HazD.mp3<\/a><\/audio>\n","protected":false},"excerpt":{"rendered":"<p>Objectifs : R\u00e9investir ce qui a \u00e9t\u00e9 \u00e9tudi\u00e9 durant les cours de fran\u00e7ais \u00e0 distance Garder confiance en soi Motiver les \u00e9l\u00e8ves qui n\u2019ont que quelques mois d\u2019apprentissage de la langue fran\u00e7aise Zoom\u00a0: Corona Journal Chaque jour, un \u00e9l\u00e8ve r\u00e9dige [&hellip;]<\/p>\n","protected":false},"author":1,"featured_media":35415,"comment_status":"closed","ping_status":"closed","sticky":false,"template":"post-template.php","format":"gallery","meta":{"_monsterinsights_skip_tracking":false,"_monsterinsights_sitenote_active":false,"_monsterinsights_sitenote_note":"","_monsterinsights_sitenote_category":0,"footnotes":""},"categories":[57,397],"tags":[],"class_list":["post-34608","post","type-post","status-publish","format-gallery","has-post-thumbnail","hentry","category-travaux-des-eleves","category-zoom","post_format-post-format-gallery"],"_links":{"self":[{"href":"https:\/\/www.sp.k12.tr\/fr\/wp-json\/wp\/v2\/posts\/34608","targetHints":{"allow":["GET"]}}],"collection":[{"href":"https:\/\/www.sp.k12.tr\/fr\/wp-json\/wp\/v2\/posts"}],"about":[{"href":"https:\/\/www.sp.k12.tr\/fr\/wp-json\/wp\/v2\/types\/post"}],"author":[{"embeddable":true,"href":"https:\/\/www.sp.k12.tr\/fr\/wp-json\/wp\/v2\/users\/1"}],"replies":[{"embeddable":true,"href":"https:\/\/www.sp.k12.tr\/fr\/wp-json\/wp\/v2\/comments?post=34608"}],"version-history":[{"count":0,"href":"https:\/\/www.sp.k12.tr\/fr\/wp-json\/wp\/v2\/posts\/34608\/revisions"}],"wp:featuredmedia":[{"embeddable":true,"href":"https:\/\/www.sp.k12.tr\/fr\/wp-json\/wp\/v2\/media\/35415"}],"wp:attachment":[{"href":"https:\/\/www.sp.k12.tr\/fr\/wp-json\/wp\/v2\/media?parent=34608"}],"wp:term":[{"taxonomy":"category","embeddable":true,"href":"https:\/\/www.sp.k12.tr\/fr\/wp-json\/wp\/v2\/categories?post=34608"},{"taxonomy":"post_tag","embeddable":true,"href":"https:\/\/www.sp.k12.tr\/fr\/wp-json\/wp\/v2\/tags?post=34608"}],"curies":[{"name":"wp","href":"https:\/\/api.w.org\/{rel}","templated":true}]}}