{"id":34507,"date":"2020-06-10T11:06:53","date_gmt":"2020-06-10T08:06:53","guid":{"rendered":"https:\/\/www.sp.k12.tr\/?p=34507"},"modified":"2020-08-26T15:55:51","modified_gmt":"2020-08-26T12:55:51","slug":"kariyer-ve-oncesi-i-webinar","status":"publish","type":"post","link":"https:\/\/www.sp.k12.tr\/fr\/kariyer-ve-oncesi-i-webinar\/","title":{"rendered":"Apr\u00e8s le webinaire carri\u00e8re et pr\u00e9-carri\u00e8re&#8230;"},"content":{"rendered":"<p><strong>Voici quelques th\u00e8mes trait\u00e9s par la sp\u00e9cialiste lors de cette rencontre : <\/strong><\/p>\n<ul>\n<li><span style=\"font-weight: 400;\">ce qu\u2019il faut faire pour la planification de la carri\u00e8re et du choix du m\u00e9tier d\u00e8s les ann\u00e9es de lyc\u00e9e <\/span><\/li>\n<li><span style=\"font-weight: 400;\">l\u2019impact de l\u2019analyse personnelle SWOT sur les d\u00e9cisions \u00e0 propos de la carri\u00e8re professionnelle <\/span><\/li>\n<li><span style=\"font-weight: 400;\">le changement du facteur des forces et des faiblesses \u00e0 renforcer dans le temps <\/span><\/li>\n<li><span style=\"font-weight: 400;\">les d\u00e9finitions \u201csecteur\u201d, \u201cd\u00e9partement\u201d, \u201cposte\u201d <\/span><\/li>\n<li><span style=\"font-weight: 400;\">la promotion dans la profession <\/span><\/li>\n<li><span style=\"font-weight: 400;\">l\u2019importance des stages avant le choix du m\u00e9tier <\/span><\/li>\n<li><span style=\"font-weight: 400;\">les points essentiels du stage <\/span><\/li>\n<li><span style=\"font-weight: 400;\">les professions qui conna\u00eetront un essor apr\u00e8s la pand\u00e9mie<\/span><\/li>\n<li><span style=\"font-weight: 400;\"> les attentes du monde du travail vis-\u00e0-vis des jeunes<\/span><\/li>\n<li><span style=\"font-weight: 400;\">les erreurs types dans la r\u00e9daction du CV<\/span><\/li>\n<li><span style=\"font-weight: 400;\">ce qui fait la diff\u00e9rence dans un CV<\/span><\/li>\n<li><span style=\"font-weight: 400;\">les d\u00e9tails qu\u2019il faut prendre en compte pendant un entretien d\u2019embauche<\/span><\/li>\n<\/ul>\n<p><span style=\"font-weight: 400;\">Apr\u00e8s la pr\u00e9sentation, nos \u00e9l\u00e8ves ont eu l\u2019occasion de poser leurs questions sur les processus de l\u2019orientation professionnelle.<\/span><\/p>\n<p><span style=\"font-weight: 400;\">En esp\u00e9rant que la rencontre a profit\u00e9 \u00e0 nos \u00e9l\u00e8ves, nous remercions Mme Elif Kunter pour sa contribution.<\/span><\/p>\n<p>&nbsp;<\/p>\n","protected":false},"excerpt":{"rendered":"<p>Voici quelques th\u00e8mes trait\u00e9s par la sp\u00e9cialiste lors de cette rencontre : ce qu\u2019il faut faire pour la planification de la carri\u00e8re et du choix du m\u00e9tier d\u00e8s les ann\u00e9es de lyc\u00e9e l\u2019impact de l\u2019analyse personnelle SWOT sur les d\u00e9cisions [&hellip;]<\/p>\n","protected":false},"author":1,"featured_media":34550,"comment_status":"closed","ping_status":"closed","sticky":false,"template":"post-template.php","format":"gallery","meta":{"_monsterinsights_skip_tracking":false,"_monsterinsights_sitenote_active":false,"_monsterinsights_sitenote_note":"","_monsterinsights_sitenote_category":0,"footnotes":""},"categories":[55],"tags":[],"class_list":["post-34507","post","type-post","status-publish","format-gallery","has-post-thumbnail","hentry","category-rencontres","post_format-post-format-gallery"],"_links":{"self":[{"href":"https:\/\/www.sp.k12.tr\/fr\/wp-json\/wp\/v2\/posts\/34507","targetHints":{"allow":["GET"]}}],"collection":[{"href":"https:\/\/www.sp.k12.tr\/fr\/wp-json\/wp\/v2\/posts"}],"about":[{"href":"https:\/\/www.sp.k12.tr\/fr\/wp-json\/wp\/v2\/types\/post"}],"author":[{"embeddable":true,"href":"https:\/\/www.sp.k12.tr\/fr\/wp-json\/wp\/v2\/users\/1"}],"replies":[{"embeddable":true,"href":"https:\/\/www.sp.k12.tr\/fr\/wp-json\/wp\/v2\/comments?post=34507"}],"version-history":[{"count":0,"href":"https:\/\/www.sp.k12.tr\/fr\/wp-json\/wp\/v2\/posts\/34507\/revisions"}],"wp:featuredmedia":[{"embeddable":true,"href":"https:\/\/www.sp.k12.tr\/fr\/wp-json\/wp\/v2\/media\/34550"}],"wp:attachment":[{"href":"https:\/\/www.sp.k12.tr\/fr\/wp-json\/wp\/v2\/media?parent=34507"}],"wp:term":[{"taxonomy":"category","embeddable":true,"href":"https:\/\/www.sp.k12.tr\/fr\/wp-json\/wp\/v2\/categories?post=34507"},{"taxonomy":"post_tag","embeddable":true,"href":"https:\/\/www.sp.k12.tr\/fr\/wp-json\/wp\/v2\/tags?post=34507"}],"curies":[{"name":"wp","href":"https:\/\/api.w.org\/{rel}","templated":true}]}}