{"id":28141,"date":"2019-11-08T12:00:15","date_gmt":"2019-11-08T09:00:15","guid":{"rendered":"https:\/\/www.sp.k12.tr\/?p=28141"},"modified":"2020-04-17T13:44:25","modified_gmt":"2020-04-17T10:44:25","slug":"reglement-dutilisation-des-ordinateurs-personnels","status":"publish","type":"post","link":"https:\/\/www.sp.k12.tr\/fr\/reglement-dutilisation-des-ordinateurs-personnels\/","title":{"rendered":"R\u00e8glement d\u2019utilisation des ordinateurs personnels"},"content":{"rendered":"<div class=\"chapo\"><\/div>\n<div class=\"chapo\">\n<p><strong>L\u2019utilisation de son ordinateur personnel dans le lyc\u00e9e implique le respect de la \u201cCharte d\u2019utilisation des outils num\u00e9riques\u201d ainsi que celui des r\u00e8gles suivantes :<\/strong><\/p>\n<\/div>\n<p><strong>&#8211; l\u2019\u00e9l\u00e8ve doit apporter tous les jours son ordinateur, son chargeur et son casque\/microphone<\/strong><br class=\"autobr\" \/>En cas d\u2019oubli de son ordinateur, l\u2019\u00e9l\u00e8ve doit s\u2019adresser au service informatique avant le d\u00e9but du premier cours. Un ordinateur lui sera pr\u00eat\u00e9 pour la journ\u00e9e et devra \u00eatre rendu \u00e0 la fin des cours (14h35) le m\u00eame jour.<br class=\"autobr\" \/>L\u2019emprunt d\u2019un ordinateur en cas d\u2019oubli doit rester exceptionnel. Au del\u00e0 de deux jours d\u2019 emprunt par semestre pour ce motif, l\u2019\u00e9l\u00e8ve sera sanctionn\u00e9.<\/p>\n<p><strong>&#8211; il est interdit de pr\u00eater son ordinateur \u00e0 un autre \u00e9l\u00e8ve<\/strong><br class=\"autobr\" \/>Si un \u00e9l\u00e8ve a oubli\u00e9 son ordinateur ou si son ordinateur ne fonctionne pas il doit s\u2019adresser au service informatique en dehors des heures de cours,<\/p>\n<p><strong>&#8211; il est interdit de sortir pendant un cours pour aller au service informatique<\/strong><br class=\"autobr\" \/>Le service informatique re\u00e7oit les \u00e9l\u00e8ves seulement aux horaires suivants du lundi au vendredi<\/p>\n<p>7h30 &#8211; 7h50 | 11h00 &#8211; 11h38 | 14h35 &#8211; 16h30<\/p>\n<p><strong>&#8211; l\u2019\u00e9l\u00e8ve est responsable de l\u2019entretien et du bon fonctionnement de son ordinateur<\/strong><br class=\"autobr\" \/>L\u2019\u00e9l\u00e8ve doit donc prendre le plus grand soin de son ordinateur et de bien suivre les recommandations qui seront faites lors des formations.<\/p>\n<p>En cas de dysfonctionnement l\u2019\u00e9l\u00e8ve devra s\u2019adresser imm\u00e9diatement au service informatique du lyc\u00e9e qui le conseillera mais en aucun cas ne r\u00e9parera l\u2019ordinateur personnel de l\u2019\u00e9l\u00e8ve. Le lyc\u00e9e pourra, pour une dur\u00e9e maximale de cinq jours, pr\u00eater un ordinateur pendant la r\u00e9paration..<\/p>\n<p><strong>&#8211; validation des ordinateurs des \u00e9l\u00e8ves<\/strong><br class=\"autobr\" \/>Seuls les ordinateurs qui ont \u00e9t\u00e9 valid\u00e9s par notre service informatique peuvent acc\u00e9der \u00e0 notre r\u00e9seau et \u00eatre utilis\u00e9s au lyc\u00e9e.<\/p>\n<p>Pour \u00eatre valid\u00e9s, les ordinateurs doivent \u00eatre conformes aux crit\u00e8res pr\u00e9sent\u00e9s en d\u00e9tails sur notre site Internet\u00a0:<\/p>\n<ul class=\"spip\">\n<li>niveau de performance suffisant pour suivre les cours au lyc\u00e9e<\/li>\n<li>syst\u00e8me d\u2019exploitation (Windows, Mac OS, Linux\u2026) avec licence et mis \u00e0 jour<\/li>\n<li>cr\u00e9ation d\u2019une session Sainte Pulch\u00e9rie (administrateur) avec l\u2019identifiant et le mot de passe donn\u00e9s par le lyc\u00e9e<\/li>\n<li>antivirus avec licence (pas de version d\u2019essai de 30 jours) et mis \u00e0 jour quel que soit le syst\u00e8me d\u2019exploitation (Windows, Mac OS)<\/li>\n<li>installation de la derni\u00e8re version du navigateur \u201cChrome\u201d sur la session \u201cSainte Pulch\u00e9rie\u201d<\/li>\n<li>installation de la suite bureautique LibreOffice<\/li>\n<\/ul>\n<p><strong>&#8211; sauf en cas de panne n\u00e9cessitant l\u2019achat d\u2019un nouvel ordinateur, il ne sera pas possible de faire valider plus d\u2019un ordinateur par \u00e9l\u00e8ve et par an<\/strong><\/p>\n<p><strong>&#8211; il est interdit de supprimer la session d\u2019utilisateur \u201cSainte Pulch\u00e9rie\u201d<\/strong><\/p>\n<p>Tout le travail scolaire devra \u00eatre fait avec cette session. De plus elle permet \u00e0 notre service informatique d\u2019intervenir sur les ordinateurs pour les op\u00e9rations de maintenance et de contr\u00f4le.<\/p>\n<p><strong>&#8211; r\u00e9glages proxy<\/strong><br class=\"autobr\" \/>Apr\u00e8s la validation par le service informatique, il est interdit de changer les r\u00e9glages proxy de la \u201csession Sainte Pulch\u00e9rie\u201d de l\u2019ordinateur<\/p>\n<p><strong>&#8211; il est de la responsabilit\u00e9 des \u00e9l\u00e8ves de sauvegarder r\u00e9guli\u00e8rement leurs donn\u00e9es.<\/strong><\/p>\n<p><strong>&#8211; il est interdit de laisser son ordinateur dans les classes \u00e0 la fin de la journ\u00e9e<\/strong><\/p>\n<p><strong>&#8211; l\u2019installation de programmes et le stockage de donn\u00e9es personnelles sont autoris\u00e9s \u00e0 condition qu\u2019ils respectent les r\u00e8gles de la \u201cCharte d\u2019utilisation des outils num\u00e9riques\u201d et qu\u2019ils ne nuisent pas \u00e0 l\u2019utilisation de l\u2019ordinateur dans le cadre scolaire.<\/strong><\/p>\n<p>Les \u00e9l\u00e8ves doivent \u00eatre particuli\u00e8rement attentifs aux points suivants\u00a0:<\/p>\n<ul class=\"spip\">\n<li>s\u00e9parer les donn\u00e9es utilis\u00e9es pour le travail scolaire et des donn\u00e9es personnelles en utilisant exclusivement la session \u201cSainte Pulch\u00e9rie\u201d pour le travail scolaire et \u00e0 l\u2019aide de dossiers correctement organis\u00e9s<\/li>\n<li>avoir toujours au moins 15 gigabytes d\u2019espace disponible sur le disque dur<\/li>\n<li>ne pas installer de programmes qui ralentissent significativement le fonctionnement de l\u2019ordinateur<\/li>\n<li>respecter les droits d\u2019auteurs\u00a0: logiciels, musique, films\u2026<\/li>\n<\/ul>\n<p><strong>&#8211; en cours, il est interdit d\u2019utiliser l\u2019ordinateur pour faire une activit\u00e9 autre que le travail donn\u00e9 par les professeurs<\/strong>.<\/p>\n","protected":false},"excerpt":{"rendered":"<p>L\u2019utilisation de son ordinateur personnel dans le lyc\u00e9e implique le respect de la \u201cCharte d\u2019utilisation des outils num\u00e9riques\u201d ainsi que celui des r\u00e8gles suivantes : &#8211; l\u2019\u00e9l\u00e8ve doit apporter tous les jours son ordinateur, son chargeur et son casque\/microphoneEn cas [&hellip;]<\/p>\n","protected":false},"author":1,"featured_media":28142,"comment_status":"open","ping_status":"open","sticky":false,"template":"","format":"gallery","meta":{"_monsterinsights_skip_tracking":false,"_monsterinsights_sitenote_active":false,"_monsterinsights_sitenote_note":"","_monsterinsights_sitenote_category":0,"footnotes":""},"categories":[383,127],"tags":[],"class_list":["post-28141","post","type-post","status-publish","format-gallery","has-post-thumbnail","hentry","category-edtech-2","category-edtech","post_format-post-format-gallery"],"_links":{"self":[{"href":"https:\/\/www.sp.k12.tr\/fr\/wp-json\/wp\/v2\/posts\/28141","targetHints":{"allow":["GET"]}}],"collection":[{"href":"https:\/\/www.sp.k12.tr\/fr\/wp-json\/wp\/v2\/posts"}],"about":[{"href":"https:\/\/www.sp.k12.tr\/fr\/wp-json\/wp\/v2\/types\/post"}],"author":[{"embeddable":true,"href":"https:\/\/www.sp.k12.tr\/fr\/wp-json\/wp\/v2\/users\/1"}],"replies":[{"embeddable":true,"href":"https:\/\/www.sp.k12.tr\/fr\/wp-json\/wp\/v2\/comments?post=28141"}],"version-history":[{"count":0,"href":"https:\/\/www.sp.k12.tr\/fr\/wp-json\/wp\/v2\/posts\/28141\/revisions"}],"wp:featuredmedia":[{"embeddable":true,"href":"https:\/\/www.sp.k12.tr\/fr\/wp-json\/wp\/v2\/media\/28142"}],"wp:attachment":[{"href":"https:\/\/www.sp.k12.tr\/fr\/wp-json\/wp\/v2\/media?parent=28141"}],"wp:term":[{"taxonomy":"category","embeddable":true,"href":"https:\/\/www.sp.k12.tr\/fr\/wp-json\/wp\/v2\/categories?post=28141"},{"taxonomy":"post_tag","embeddable":true,"href":"https:\/\/www.sp.k12.tr\/fr\/wp-json\/wp\/v2\/tags?post=28141"}],"curies":[{"name":"wp","href":"https:\/\/api.w.org\/{rel}","templated":true}]}}