{"id":14127,"date":"2014-10-30T17:24:04","date_gmt":"2014-10-30T14:24:04","guid":{"rendered":"https:\/\/www.sp.k12.tr\/?p=14127"},"modified":"2020-01-02T17:26:05","modified_gmt":"2020-01-02T14:26:05","slug":"la-ceremonie-de-la-fete-de-la-republique","status":"publish","type":"post","link":"https:\/\/www.sp.k12.tr\/fr\/la-ceremonie-de-la-fete-de-la-republique\/","title":{"rendered":"La c\u00e9r\u00e9monie de la f\u00eate de la R\u00e9publique"},"content":{"rendered":"<p>Apr\u00e8s l\u2019hommage et l\u2019hymne national \u00ab\u00a0Istiklal Mar\u015f\u0131\u00a0\u00bb, le discours de notre directeur d\u2019\u00e9tablissement M. Alexandre Abellan a marqu\u00e9 les professeurs et les \u00e9l\u00e8ves et les a amen\u00e9s \u00e0 r\u00e9fl\u00e9chir.<\/p>\n<p><em>\u00ab\u00a0Partout o\u00f9 nous ouvrirons une biblioth\u00e8que, nous ferons un acte de foi d\u00e9mocratique&#8230; (&#8230;). Nous permettrons \u00e0 ceux qui n\u2019ont pas eu votre \u00e9ducation de changer, de penser par eux-m\u00eames, de faire \u00e9voluer les mentalit\u00e9s.(&#8230;) Vous l\u2019aurez compris la vraie c\u00e9r\u00e9monie n\u2019est pas ici. La c\u00e9r\u00e9monie s\u2019est faite par le don g\u00e9n\u00e9reux de vos livres. Elle est faite en notre nom par ceux qui auront sacrifi\u00e9 leurs jours de vacances pour travailler, construire et faire en acte ce que nous proclamons en parole. Bonne f\u00eate de la R\u00e9publique.\u00a0\u00bb<\/em><\/p>\n<p>Suite au discours de M. Abellan, ont \u00e9t\u00e9 visionn\u00e9es les photos des \u00e9l\u00e8ves qui sont partis le jour pr\u00e9c\u00e9dant avec leurs professeurs pour amener les livres collect\u00e9s lors de la campagne \u00ab\u00a0Des livres pour des esprits libres\u00a0\u00bb \u00e0 leurs camarades de Soma et partager l\u2019enthousiasme de la r\u00e9publique avec eux. Nos \u00e9l\u00e8ves ont \u00e9t\u00e9 tr\u00e8s heureux de voir sur les photos, les sourires des enfants heureux de recevoir de nouveaux livres.<\/p>\n<p>Tu\u011fra Durak a pris la parole au nom de nos \u00e9l\u00e8ves et a d\u00e9clar\u00e9 qu\u2019ils poursuivront sans se d\u00e9courager la mission de d\u00e9fense et de protection de la R\u00e9publique d\u2019Atat\u00fcrk.<\/p>\n<p>Notre \u00e9l\u00e8ve L\u00e2l K\u0131z\u0131lta\u015f, a racont\u00e9 l\u2019histoire de sa grand-m\u00e8re, n\u00e9e en 1920, \u00e9duqu\u00e9e selon les principes et les r\u00e9formes d\u2019Atat\u00fcrk, et a attir\u00e9 l\u2019attention sur le fait qu\u2019il est n\u00e9cessaire de prot\u00e9ger les droits \u00e0 l\u2019\u00e9ducation ainsi que les autres droits accord\u00e9s aux femmes turques.<\/p>\n<p>La vid\u00e9o \u00ab\u00a0De la R\u00e9publique \u00e0 nos jours\u00a0\u00bb pr\u00e9par\u00e9e par Kaan \u0130nal, \u00e9l\u00e8ve de 12\u00e8me \u00e9tait une r\u00e9ussite car elle rappelait l\u2019histoire.<\/p>\n<p>Alara Herg\u00fcn et Can Erkekli, \u00e9l\u00e8ves de 9\u00e8me ont brillamment interpr\u00e9t\u00e9 les chansons \u00ab\u00a0Memleketim\u00a0\u00bb et \u00ab\u00a0Ey \u00d6zg\u00fcrl\u00fck\u00a0\u00bb.<\/p>\n<p>Notre c\u00e9r\u00e9monie s\u2019est termin\u00e9e avec la chanson \u00ab\u00a0Gen\u00e7lik Mar\u015f\u0131\u00a0\u00bb. Nous remercions tous les \u00e9l\u00e8ves qui y ont particip\u00e9.<\/p>\n<p>Retrouvez notre projet d\u2019aide \u00e0 la cr\u00e9ation d\u2019une biblioth\u00e8que \u00e0 Soma en cliquant sur les liens suivants :<br \/>\n<a href=\"https:\/\/www.sp.k12.tr\/fr\/le-lien-no-9-est-maintenant-disponible\/\">Lien 1<\/a><br \/>\nLien 2<br \/>\nLien 3<\/p>\n","protected":false},"excerpt":{"rendered":"<p>Apr\u00e8s l\u2019hommage et l\u2019hymne national \u00ab\u00a0Istiklal Mar\u015f\u0131\u00a0\u00bb, le discours de notre directeur d\u2019\u00e9tablissement M. Alexandre Abellan a marqu\u00e9 les professeurs et les \u00e9l\u00e8ves et les a amen\u00e9s \u00e0 r\u00e9fl\u00e9chir. \u00ab\u00a0Partout o\u00f9 nous ouvrirons une biblioth\u00e8que, nous ferons un acte de [&hellip;]<\/p>\n","protected":false},"author":1,"featured_media":0,"comment_status":"open","ping_status":"open","sticky":false,"template":"","format":"gallery","meta":{"_monsterinsights_skip_tracking":false,"_monsterinsights_sitenote_active":false,"_monsterinsights_sitenote_note":"","_monsterinsights_sitenote_category":0,"footnotes":""},"categories":[52],"tags":[],"class_list":["post-14127","post","type-post","status-publish","format-gallery","hentry","category-ceremonies-et-histoire","post_format-post-format-gallery"],"_links":{"self":[{"href":"https:\/\/www.sp.k12.tr\/fr\/wp-json\/wp\/v2\/posts\/14127","targetHints":{"allow":["GET"]}}],"collection":[{"href":"https:\/\/www.sp.k12.tr\/fr\/wp-json\/wp\/v2\/posts"}],"about":[{"href":"https:\/\/www.sp.k12.tr\/fr\/wp-json\/wp\/v2\/types\/post"}],"author":[{"embeddable":true,"href":"https:\/\/www.sp.k12.tr\/fr\/wp-json\/wp\/v2\/users\/1"}],"replies":[{"embeddable":true,"href":"https:\/\/www.sp.k12.tr\/fr\/wp-json\/wp\/v2\/comments?post=14127"}],"version-history":[{"count":0,"href":"https:\/\/www.sp.k12.tr\/fr\/wp-json\/wp\/v2\/posts\/14127\/revisions"}],"wp:attachment":[{"href":"https:\/\/www.sp.k12.tr\/fr\/wp-json\/wp\/v2\/media?parent=14127"}],"wp:term":[{"taxonomy":"category","embeddable":true,"href":"https:\/\/www.sp.k12.tr\/fr\/wp-json\/wp\/v2\/categories?post=14127"},{"taxonomy":"post_tag","embeddable":true,"href":"https:\/\/www.sp.k12.tr\/fr\/wp-json\/wp\/v2\/tags?post=14127"}],"curies":[{"name":"wp","href":"https:\/\/api.w.org\/{rel}","templated":true}]}}