{"id":13427,"date":"2015-11-09T15:18:59","date_gmt":"2015-11-09T12:18:59","guid":{"rendered":"https:\/\/www.sp.k12.tr\/?p=13427"},"modified":"2020-01-02T15:20:30","modified_gmt":"2020-01-02T12:20:30","slug":"celebration-enthousiaste-de-la-fete-de-la-republique","status":"publish","type":"post","link":"https:\/\/www.sp.k12.tr\/fr\/celebration-enthousiaste-de-la-fete-de-la-republique\/","title":{"rendered":"C\u00e9l\u00e9bration enthousiaste de la f\u00eate de la r\u00e9publique"},"content":{"rendered":"<p>La c\u00e9r\u00e9monie a d\u00e9but\u00e9 avec le discours de notre directeur M. Abellan.<br \/>\nDans son discours M. Abellan a rappel\u00e9 aux \u00e9l\u00e8ves qu\u2019Atat\u00fcrk leur avait confi\u00e9 la r\u00e9publique et il leur a souhait\u00e9 une bonne f\u00eate.<\/p>\n<p>Apr\u00e8s l\u2019hommage et l\u2019hymne national, des images ont \u00e9t\u00e9 projet\u00e9es des \u00e9l\u00e8ves ainsi que des professeurs qui se sont rendus \u00e0 D\u00fczce, dans le village de Y\u0131\u011f\u0131lca afin de transmettre des livres collect\u00e9s lors de la campagne de \u00ab\u00a0livres pour les esprits libres\u00a0\u00bb. L\u2019objectif de ce projet \u00e9tait de construire une biblioth\u00e8que.<\/p>\n<p>On a pu d\u00e9couvrir \u00e0 l\u2019\u00e9cran notre directrice adjointe turque Mme Mina Akcen, notre professeur de fran\u00e7ais Emilie Viau-Gaudin, ainsi que nos \u00e9l\u00e8ves, rangeant plus de deux milles livres dans la biblioth\u00e8que avec les h\u00f4tes sur place. Ces images ont \u00e9t\u00e9 salu\u00e9es avec enthousiasme par tous les \u00e9l\u00e8ves pr\u00e9sents dans la salle de spectacle. Avec cette initiative, la d\u00e9mocratie ne sonnait plus comme un mot vide de sens mais elle s\u2019est affirm\u00e9e avec une action citoyenne et sociale.<\/p>\n<p>Dans son discours, notre professeur de litt\u00e9rature Ne\u015fe Serdar a c\u00e9l\u00e9br\u00e9 la f\u00eate des \u00e9l\u00e8ves en disant : \u00ab\u00a0(..) Notre premier devoir est de continuer \u00e0 marcher avec pers\u00e9v\u00e9rance sur le chemin illumin\u00e9 par les principes et les reformes d\u2019Atat\u00fcrk sans compromettre la r\u00e9publique Turque dans ses caract\u00e9ristiques fondamentales : la\u00efcit\u00e9, d\u00e9mocratie et modernit\u00e9. Parce que l\u2019Histoire se poursuit sans interruption et les r\u00e9volutions devront aussi se poursuivre sans cesse. (&#8230;)\u00a0\u00bb<\/p>\n<p>Par la suite, les \u00e9l\u00e8ves de 10D ont r\u00e9cit\u00e9 des extraits de l\u2019\u00e9pop\u00e9e \u00ab\u00a0Kuvay-i Milliye\u00a0\u00bb, la vid\u00e9o de po\u00e8mes intitul\u00e9e \u00ab\u00a0La paix\u00a0\u00bb a \u00e9t\u00e9 projet\u00e9e, puis, Zeynep Bora a prononc\u00e9 son discours \u00ab\u00a0Etre enfant le jour de la f\u00eate de la R\u00e9publique\u00a0\u00bb.<br \/>\nLa r\u00e9ponse de la jeunesse \u00e0 Atat\u00fcrk a \u00e9t\u00e9 r\u00e9p\u00e9t\u00e9e avec enthousiasme accompagn\u00e9e par Zeynep Aksoy.<\/p>\n<p>Notre c\u00e9r\u00e9monie s\u2019est termin\u00e9e avec la chanson \u00ab\u00a010. y\u0131l mar\u015f\u0131.\u00a0\u00bb<\/p>\n<p>Pour en savoir plus sur le projet \u00ab\u00a0Des livres pour des esprits libres\u00a0\u00bb, <a href=\"https:\/\/www.sp.k12.tr\/fr\/de-belles-amities-et-des-au-revoirs-difficiles\/\">cliquer ici<\/a><\/p>\n","protected":false},"excerpt":{"rendered":"<p>La c\u00e9r\u00e9monie a d\u00e9but\u00e9 avec le discours de notre directeur M. Abellan. Dans son discours M. Abellan a rappel\u00e9 aux \u00e9l\u00e8ves qu\u2019Atat\u00fcrk leur avait confi\u00e9 la r\u00e9publique et il leur a souhait\u00e9 une bonne f\u00eate. Apr\u00e8s l\u2019hommage et l\u2019hymne national, [&hellip;]<\/p>\n","protected":false},"author":1,"featured_media":0,"comment_status":"open","ping_status":"open","sticky":false,"template":"","format":"gallery","meta":{"_monsterinsights_skip_tracking":false,"_monsterinsights_sitenote_active":false,"_monsterinsights_sitenote_note":"","_monsterinsights_sitenote_category":0,"footnotes":""},"categories":[52],"tags":[],"class_list":["post-13427","post","type-post","status-publish","format-gallery","hentry","category-ceremonies-et-histoire","post_format-post-format-gallery"],"_links":{"self":[{"href":"https:\/\/www.sp.k12.tr\/fr\/wp-json\/wp\/v2\/posts\/13427","targetHints":{"allow":["GET"]}}],"collection":[{"href":"https:\/\/www.sp.k12.tr\/fr\/wp-json\/wp\/v2\/posts"}],"about":[{"href":"https:\/\/www.sp.k12.tr\/fr\/wp-json\/wp\/v2\/types\/post"}],"author":[{"embeddable":true,"href":"https:\/\/www.sp.k12.tr\/fr\/wp-json\/wp\/v2\/users\/1"}],"replies":[{"embeddable":true,"href":"https:\/\/www.sp.k12.tr\/fr\/wp-json\/wp\/v2\/comments?post=13427"}],"version-history":[{"count":0,"href":"https:\/\/www.sp.k12.tr\/fr\/wp-json\/wp\/v2\/posts\/13427\/revisions"}],"wp:attachment":[{"href":"https:\/\/www.sp.k12.tr\/fr\/wp-json\/wp\/v2\/media?parent=13427"}],"wp:term":[{"taxonomy":"category","embeddable":true,"href":"https:\/\/www.sp.k12.tr\/fr\/wp-json\/wp\/v2\/categories?post=13427"},{"taxonomy":"post_tag","embeddable":true,"href":"https:\/\/www.sp.k12.tr\/fr\/wp-json\/wp\/v2\/tags?post=13427"}],"curies":[{"name":"wp","href":"https:\/\/api.w.org\/{rel}","templated":true}]}}