{"id":13400,"date":"2015-11-12T15:09:26","date_gmt":"2015-11-12T12:09:26","guid":{"rendered":"https:\/\/www.sp.k12.tr\/?p=13400"},"modified":"2020-01-02T15:11:25","modified_gmt":"2020-01-02T12:11:25","slug":"commemoration-dataturk","status":"publish","type":"post","link":"https:\/\/www.sp.k12.tr\/fr\/commemoration-dataturk\/","title":{"rendered":"Comm\u00e9moration d\u2019Atat\u00fcrk"},"content":{"rendered":"<p>La c\u00e9r\u00e9monie a commenc\u00e9 \u00e0 9h05 avec l\u2019hommage et l\u2019hymne national.<\/p>\n<p>Dans son discours, notre directeur M.\u00a0Abellan a soulign\u00e9 l\u2019importance qu\u2019Atat\u00fcrk avait donn\u00e9 \u00e0 l\u2019\u00e9ducation et s\u2019est s\u2019exprim\u00e9 ainsi\u00a0:<br class=\"autobr\" \/><i>\u00ab\u00a0(&#8230;) Mustafa Kemal a assign\u00e9 \u00e0 l\u2019\u00e9cole une place essentielle. Il avait compris que le changement social s\u2019accompagne d\u2019un nouveau type d\u2019\u00e9ducation et surtout de p\u00e9dagogie. (&#8230;) Les \u00e9l\u00e8ves doivent apprendre \u00e0 l\u2019\u00e9cole \u00e0 devenir des membres sains et actifs du pays auquel ils appartiennent. L\u2019\u00e9cole ne doit jamais cesser d\u2019\u00eatre une communaut\u00e9 \u00e0 l\u2019image de la nation. (&#8230;) L\u2019\u00e9ducation repr\u00e9sente une force colossale capable de transformer radicalement aussi bien les individus que les Etats. C\u2019est l\u00e0 tout le Credo p\u00e9dagogique de Mustafa kemal que partagent, aujourd\u2019hui encore, de nombreux enseignants, et certainement tous les professeurs du lyc\u00e9e Sainte Pulch\u00e9rie. \u00ab\u00a0<\/i><\/p>\n<p>Notre directrice adjointe turque Mme\u00a0Min\u00e2 Akcen a ensuite pris la parole\u00a0:<br class=\"autobr\" \/><i>\u00ab\u00a0(&#8230;) Depuis qu\u2019on a connu ses valeurs, soit dans les livres, soit dans ses discours, soit dans ses dictons, m\u00eame dans la guerre dure et difficile, on a constat\u00e9 qu\u2019Atat\u00fcrk donnait un message de paix non seulement \u00e0 sa propre patrie mais aussi aux autres pays du monde. (&#8230;)<\/i><\/p>\n<p>On a pu d\u00e9couvrir ensuite \u00e0 l\u2019\u00b4\u00e9cran la pr\u00e9sentation pr\u00e9par\u00e9e par les \u00e9l\u00e8ves de 10\u00e8me afin de mettre en valeur les principes et les r\u00e9formes d\u2019Atat\u00fcrk.<\/p>\n<p>Dans le texte sur le th\u00e8me de la \u00ab\u00a0fen\u00eatre\u00a0\u00bb les traces des reformes entreprises ont \u00e9t\u00e9 soulign\u00e9es. Le souvenir du moment de la transportation du corps du pr\u00e9sident d\u2019Istanbul \u00e0 Ankara, avec \u00ab\u00a0Le deuil et les boutons\u00a0\u00bb a beaucoup touch\u00e9 les \u00e9l\u00e8ves. Parmi eux, Defne \u00c7a\u011flar a r\u00e9cit\u00e9 un po\u00e8me intitul\u00e9 \u00ab\u00a0Marcher les jours de 10 novembre\u00a0\u00bb.<\/p>\n<p>Meltem G\u00fcrkan, \u00e9l\u00e8ve en 10\u00e8me a pris la parole\u00a0:<\/p>\n<p><i>\u00ab\u00a0Repr\u00e9sentants la jeunesse \u00e0 qui Atat\u00fcrk faisait confiance, nous allons faire vivre son h\u00e9ritage, nous allons le prot\u00e9ger et beaucoup travailler pour lui. M\u00eame s\u2019il n\u2019est plus parmi nous, il nous guidera toujours avec ses pens\u00e9es. Nous sommes la jeunesse d\u2019Atat\u00fcrk qui repr\u00e9sente la science et la raison, nous sommes l\u2019espoir pour les jours \u00e0 venir.\u00a0\u00bb<\/i><\/p>\n<p>La c\u00e9r\u00e9monie s\u2019est termin\u00e9e par une pr\u00e9sentation des photographies des coins ou des lieux appel\u00e9s \u00ab\u00a0Atat\u00fcrk\u00a0\u00bb dans le monde entier.<\/p>\n","protected":false},"excerpt":{"rendered":"<p>La c\u00e9r\u00e9monie a commenc\u00e9 \u00e0 9h05 avec l\u2019hommage et l\u2019hymne national. Dans son discours, notre directeur M.\u00a0Abellan a soulign\u00e9 l\u2019importance qu\u2019Atat\u00fcrk avait donn\u00e9 \u00e0 l\u2019\u00e9ducation et s\u2019est s\u2019exprim\u00e9 ainsi\u00a0:\u00ab\u00a0(&#8230;) Mustafa Kemal a assign\u00e9 \u00e0 l\u2019\u00e9cole une place essentielle. Il avait [&hellip;]<\/p>\n","protected":false},"author":1,"featured_media":0,"comment_status":"open","ping_status":"open","sticky":false,"template":"","format":"gallery","meta":{"_monsterinsights_skip_tracking":false,"_monsterinsights_sitenote_active":false,"_monsterinsights_sitenote_note":"","_monsterinsights_sitenote_category":0,"footnotes":""},"categories":[52],"tags":[],"class_list":["post-13400","post","type-post","status-publish","format-gallery","hentry","category-ceremonies-et-histoire","post_format-post-format-gallery"],"_links":{"self":[{"href":"https:\/\/www.sp.k12.tr\/fr\/wp-json\/wp\/v2\/posts\/13400","targetHints":{"allow":["GET"]}}],"collection":[{"href":"https:\/\/www.sp.k12.tr\/fr\/wp-json\/wp\/v2\/posts"}],"about":[{"href":"https:\/\/www.sp.k12.tr\/fr\/wp-json\/wp\/v2\/types\/post"}],"author":[{"embeddable":true,"href":"https:\/\/www.sp.k12.tr\/fr\/wp-json\/wp\/v2\/users\/1"}],"replies":[{"embeddable":true,"href":"https:\/\/www.sp.k12.tr\/fr\/wp-json\/wp\/v2\/comments?post=13400"}],"version-history":[{"count":0,"href":"https:\/\/www.sp.k12.tr\/fr\/wp-json\/wp\/v2\/posts\/13400\/revisions"}],"wp:attachment":[{"href":"https:\/\/www.sp.k12.tr\/fr\/wp-json\/wp\/v2\/media?parent=13400"}],"wp:term":[{"taxonomy":"category","embeddable":true,"href":"https:\/\/www.sp.k12.tr\/fr\/wp-json\/wp\/v2\/categories?post=13400"},{"taxonomy":"post_tag","embeddable":true,"href":"https:\/\/www.sp.k12.tr\/fr\/wp-json\/wp\/v2\/tags?post=13400"}],"curies":[{"name":"wp","href":"https:\/\/api.w.org\/{rel}","templated":true}]}}