{"id":11714,"date":"2011-10-20T00:28:41","date_gmt":"2011-10-19T21:28:41","guid":{"rendered":"https:\/\/www.sp.k12.tr\/?p=11714"},"modified":"2020-01-02T17:50:43","modified_gmt":"2020-01-02T14:50:43","slug":"les-eleves-marseillais-nous-livrent-leurs-impressions","status":"publish","type":"post","link":"https:\/\/www.sp.k12.tr\/fr\/les-eleves-marseillais-nous-livrent-leurs-impressions\/","title":{"rendered":"Les \u00e9l\u00e8ves Marseillais nous livrent leurs impressions&#8230;"},"content":{"rendered":"<p>Marseille et Istanbul sont deux villes ports \u00e0 la crois\u00e9e de plusieurs continents et cultures. Ouvertes sur la mer, elles r\u00e9v\u00e8lent des visages que plus de 2600 ans d\u2019histoire ont contribu\u00e9 \u00e0 fa\u00e7onner. L\u2019une et l\u2019autre fascinent par leur capacit\u00e9 \u00e0 dialoguer dans le chaos, par leurs nombreux contrastes qu\u2019ils soient sociaux, architecturaux, religieux &#8230;. mais aussi&#8230;. par leur amour partag\u00e9 du football !<\/p>\n<p>Les \u00e9l\u00e8ves du lyc\u00e9e Henri Daumier, interrog\u00e9s ce mercredi 19 octobre apr\u00e8s leur s\u00e9ance d\u2019entra\u00eenement nous livrent leurs impressions :<\/p>\n<p>Laurent Gilbay , 18 ans :<br \/>\n\u00ab\u00a0Mon p\u00e8re est turc, ma m\u00e8re fran\u00e7aise. Je suis content d\u2019\u00eatre l\u00e0 \u00e0 Istanbul. C\u2019est forc\u00e9ment un peu sp\u00e9cial pour moi. Je ne parle que quelques mots de turc. Avec mon correspondant Kahn, on a d\u00e9j\u00e0 \u00e9chang\u00e9 nos mails et coordonn\u00e9es. Nous allons continuer \u00e0 correspondre apr\u00e8s mon voyage \u00e0 Istanbul\u00a0\u00bb.<\/p>\n<p>Kevin Issouf, 17 ans :<br \/>\n\u00ab\u00a0On ne s\u2019attendait pas \u00e0 \u00eatre si bien accueillis. Je dois avouer que on n\u2019avait pas forc\u00e9ment une bonne image de la Turquie. Mais c\u2019est super. La vie ici est moderne en termes technologiques autant que la France. Le centre ville est tr\u00e8s accueillant. J\u2019ai chang\u00e9 mon point de vue. On va sortir grandis de cette exp\u00e9rience !\u00a0\u00bb<\/p>\n<p>Gr\u00e9gory Agnel, 16 ans :<br \/>\n\u00ab\u00a0Des amis \u00e0 mes parents \u00e9taient d\u00e9j\u00e0 venus en Turquie. Ils m\u2019avaient dit que c\u2019\u00e9tait tr\u00e8s bien. Tout le monde m\u2019avait dit que c\u2019\u00e9tait tr\u00e8s beau et je ne suis pas d\u00e9\u00e7u ! La rue pi\u00e9tonne pr\u00e8s du lyc\u00e9e (\u0130stiklal cad) ressemble \u00e0 notre rue F\u00e9riol en plus grand biens\u00fbr. Je suis \u00e9tonn\u00e9 aussi par le fait qu\u2019ici ils mangent \u00e0 toutes les heures. Au niveau de la nourriture, le petit d\u00e9jeuner par exemple est tr\u00e8s diff\u00e9rent. Ils mangent du sal\u00e9, des \u0153ufs&#8230; Mais j\u2019ai dit que je pr\u00e9f\u00e9rais les c\u00e9r\u00e9ales et ma famille m\u2019en a achet\u00e9. On m\u2019avait dit que les turcs sont tr\u00e8s accueillants et c\u2019est vrai.\u00a0\u00bb<\/p>\n<p>Ossama Ait Salh, 18 ans :<br \/>\n\u00ab\u00a0C\u2019est un r\u00eave d\u2019\u00eatre ici. Les deux choses les plus \u00ab\u00a0g\u00e9antes\u00a0\u00bb que j\u2019ai fait depuis mon arriv\u00e9e c\u2019est l\u2019entra\u00eenement mardi avec des entra\u00eeneurs de joueurs professionnels du stade de Fenerbah\u00e7e, on se sent pousser des ailes, mais aussi le match du championnat de premi\u00e8re division dimanche dernier \u00ab\u00a0Galatasaray\/Bursa Sport\u00a0\u00bb auquel on a assist\u00e9. Il y avait des stars comme Felipe Melo, Emmanuel Ebou\u00e9, Johan Elmander, Milan Baros, Tomas Ujfalusi, Kaz\u0131m Kaz\u0131m<br \/>\nMicha\u00ebl Chr\u00e9tien Basser. Et puis il y a une tr\u00e8s bonne ambiance dans le groupe avec tous les correspondants. Ce sont des gars sympas\u00a0\u00bb<\/p>\n<p>David Vitti, 18 ans :<br \/>\n\u00ab\u00a0J\u2019ai jamais vu une hospitalit\u00e9 pareille et une ville aussi grande. C\u2019est la ville symbole pour un \u00e9change culturel. Car ici on voit des chr\u00e9tiens, des orthodoxes, des musulmans&#8230; Et puis la Turquie est un grand pays de sport\u00a0\u00bb.<\/p>\n<p>Pour d\u00e9couvrir les autres articles publi\u00e9s concernant le s\u00e9jour des \u00e9l\u00e8ves du Lyc\u00e9e Honor\u00e9 Daumier \u00e0 Istanbul, cliquer sur les liens :<\/p>\n<p>&#8211; La pr\u00e9sentation du projet, <a href=\"https:\/\/www.sp.k12.tr\/fr\/echange-scolaire-marseille-istanbul\/\">cliquer ici<\/a><br \/>\n&#8211; L\u2019entra\u00eenement au stade de Fenerbah\u00e7e, <a href=\"https:\/\/www.sp.k12.tr\/fr\/entrainement-a-fenerbahce-5eme-jour\/\">cliquer ici<\/a><br \/>\n&#8211; Le 2\u00e8me jour, <a href=\"https:\/\/www.sp.k12.tr\/fr\/2eme-jour-de-notre-residence-football\/\">cliquer ici<\/a><br \/>\n&#8211; Visite \u00e0 Sultanahmet, <a href=\"https:\/\/www.sp.k12.tr\/fr\/nos-invites-marseillais-a-sultanahmet\/\">cliquer ici<\/a><br \/>\n&#8211; Le vernissage de l\u2019exposition \u00ab HERKESi\u00e7inFUTBOL \u00bb, cliquer ici<\/p>\n","protected":false},"excerpt":{"rendered":"<p>Marseille et Istanbul sont deux villes ports \u00e0 la crois\u00e9e de plusieurs continents et cultures. Ouvertes sur la mer, elles r\u00e9v\u00e8lent des visages que plus de 2600 ans d\u2019histoire ont contribu\u00e9 \u00e0 fa\u00e7onner. L\u2019une et l\u2019autre fascinent par leur capacit\u00e9 [&hellip;]<\/p>\n","protected":false},"author":1,"featured_media":0,"comment_status":"open","ping_status":"open","sticky":false,"template":"","format":"gallery","meta":{"_monsterinsights_skip_tracking":false,"_monsterinsights_sitenote_active":false,"_monsterinsights_sitenote_note":"","_monsterinsights_sitenote_category":0,"footnotes":""},"categories":[56],"tags":[],"class_list":["post-11714","post","type-post","status-publish","format-gallery","hentry","category-sport","post_format-post-format-gallery"],"_links":{"self":[{"href":"https:\/\/www.sp.k12.tr\/fr\/wp-json\/wp\/v2\/posts\/11714","targetHints":{"allow":["GET"]}}],"collection":[{"href":"https:\/\/www.sp.k12.tr\/fr\/wp-json\/wp\/v2\/posts"}],"about":[{"href":"https:\/\/www.sp.k12.tr\/fr\/wp-json\/wp\/v2\/types\/post"}],"author":[{"embeddable":true,"href":"https:\/\/www.sp.k12.tr\/fr\/wp-json\/wp\/v2\/users\/1"}],"replies":[{"embeddable":true,"href":"https:\/\/www.sp.k12.tr\/fr\/wp-json\/wp\/v2\/comments?post=11714"}],"version-history":[{"count":0,"href":"https:\/\/www.sp.k12.tr\/fr\/wp-json\/wp\/v2\/posts\/11714\/revisions"}],"wp:attachment":[{"href":"https:\/\/www.sp.k12.tr\/fr\/wp-json\/wp\/v2\/media?parent=11714"}],"wp:term":[{"taxonomy":"category","embeddable":true,"href":"https:\/\/www.sp.k12.tr\/fr\/wp-json\/wp\/v2\/categories?post=11714"},{"taxonomy":"post_tag","embeddable":true,"href":"https:\/\/www.sp.k12.tr\/fr\/wp-json\/wp\/v2\/tags?post=11714"}],"curies":[{"name":"wp","href":"https:\/\/api.w.org\/{rel}","templated":true}]}}