{"id":11704,"date":"2012-01-17T00:13:08","date_gmt":"2012-01-16T21:13:08","guid":{"rendered":"https:\/\/www.sp.k12.tr\/?p=11704"},"modified":"2020-01-02T02:30:50","modified_gmt":"2020-01-01T23:30:50","slug":"sur-les-pistes-de-morzine-le-2eme-jour","status":"publish","type":"post","link":"https:\/\/www.sp.k12.tr\/fr\/sur-les-pistes-de-morzine-le-2eme-jour\/","title":{"rendered":"Sur les pistes de Morzine, le 2\u00e8me jour"},"content":{"rendered":"<p>Ce matin, les \u00e9l\u00e8ves ont pris leur petit d\u00e9jeuner \u00e0 7h30 et tout de suite apr\u00e8s ceux qui participent au cours en groupe et ceux qui prennent des cours particuliers sont partis sur les pistes accompagn\u00e9s de Mme Stella. Le reste du groupe a rejoint Mme Filiz pour aller \u00e0 la d\u00e9couverte des pistes de Morzine et Les Gets.<\/p>\n<p>Apr\u00e8s le d\u00e9jeuner \u00e0 Pleney, tous les \u00e9l\u00e8ves ont fait du ski entre 14h et 16h30 \u00e0 Portes de Soleil et ont pass\u00e9 des moments tr\u00e8s agr\u00e9ables avec les moniteurs de ESF.<\/p>\n<p>Entre 17h et 21h, les \u00e9l\u00e8ves ont chaque jour un temps libre qu\u2019ils ont consacr\u00e9 jusqu\u2019ici \u00e0 la promenade et au shopping dans le centre.<\/p>\n<p>En g\u00e9n\u00e9ral, en soir\u00e9e, les \u00e9l\u00e8ves se retrouvent autour du d\u00eener \u00e0 Grand\u2019Maison, bien fatigu\u00e9s mais joyeux. Ils ne veillent pas tard apr\u00e8s autant d\u2019effort physique fournis dans la journ\u00e9e ! Il faut \u00eatre en pleine forme pour le lendemain.<\/p>\n<p>Un grand bonjour de Morzine \u00e0 tous !<\/p>\n<p>Pour d\u00e9couvrir le 1er jour, cliquer ici et le r\u00e9cit du 3\u00e8me jour, <a href=\"https:\/\/www.sp.k12.tr\/fr\/bonjour-de-morzine\/\">cliquer ici<\/a><\/p>\n<p>&#8211; au 3\u00e8me jour, <a href=\"https:\/\/www.sp.k12.tr\/fr\/bonjour-de-morzine\/\">cliquer ici<\/a><\/p>\n","protected":false},"excerpt":{"rendered":"<p>Ce matin, les \u00e9l\u00e8ves ont pris leur petit d\u00e9jeuner \u00e0 7h30 et tout de suite apr\u00e8s ceux qui participent au cours en groupe et ceux qui prennent des cours particuliers sont partis sur les pistes accompagn\u00e9s de Mme Stella. Le [&hellip;]<\/p>\n","protected":false},"author":1,"featured_media":0,"comment_status":"open","ping_status":"open","sticky":false,"template":"","format":"gallery","meta":{"_monsterinsights_skip_tracking":false,"_monsterinsights_sitenote_active":false,"_monsterinsights_sitenote_note":"","_monsterinsights_sitenote_category":0,"footnotes":""},"categories":[56],"tags":[],"class_list":["post-11704","post","type-post","status-publish","format-gallery","hentry","category-sport","post_format-post-format-gallery"],"_links":{"self":[{"href":"https:\/\/www.sp.k12.tr\/fr\/wp-json\/wp\/v2\/posts\/11704","targetHints":{"allow":["GET"]}}],"collection":[{"href":"https:\/\/www.sp.k12.tr\/fr\/wp-json\/wp\/v2\/posts"}],"about":[{"href":"https:\/\/www.sp.k12.tr\/fr\/wp-json\/wp\/v2\/types\/post"}],"author":[{"embeddable":true,"href":"https:\/\/www.sp.k12.tr\/fr\/wp-json\/wp\/v2\/users\/1"}],"replies":[{"embeddable":true,"href":"https:\/\/www.sp.k12.tr\/fr\/wp-json\/wp\/v2\/comments?post=11704"}],"version-history":[{"count":0,"href":"https:\/\/www.sp.k12.tr\/fr\/wp-json\/wp\/v2\/posts\/11704\/revisions"}],"wp:attachment":[{"href":"https:\/\/www.sp.k12.tr\/fr\/wp-json\/wp\/v2\/media?parent=11704"}],"wp:term":[{"taxonomy":"category","embeddable":true,"href":"https:\/\/www.sp.k12.tr\/fr\/wp-json\/wp\/v2\/categories?post=11704"},{"taxonomy":"post_tag","embeddable":true,"href":"https:\/\/www.sp.k12.tr\/fr\/wp-json\/wp\/v2\/tags?post=11704"}],"curies":[{"name":"wp","href":"https:\/\/api.w.org\/{rel}","templated":true}]}}