{"id":11696,"date":"2012-01-23T00:06:54","date_gmt":"2012-01-22T21:06:54","guid":{"rendered":"https:\/\/www.sp.k12.tr\/?p=11696"},"modified":"2020-01-02T02:22:56","modified_gmt":"2020-01-01T23:22:56","slug":"notre-dernier-jour-a-morzine","status":"publish","type":"post","link":"https:\/\/www.sp.k12.tr\/fr\/notre-dernier-jour-a-morzine\/","title":{"rendered":"Notre dernier jour \u00e0 Morzine"},"content":{"rendered":"<p>Ainsi, ce matin, le beau soleil de Morzine s\u2019\u00e9tait cach\u00e9 derri\u00e8re les nuages, il pleuvait. Quand nous sommes arriv\u00e9s \u00e0 Pleney, il a commenc\u00e9 \u00e0 neiger. C\u2019\u00e9tait tr\u00e8s amusant de faire g\u00fc\u00e7ler la neige en descendant le long des pistes ! L\u2019apr\u00e8s midi, nous avons rendu les \u00e9quipements et sommes all\u00e9s au centre pour faire les magasins. Nos \u00e9l\u00e8ves ont achet\u00e9 de petits souvenirs pour eux-m\u00eames et pour leur famille.<\/p>\n<p>Au d\u00eener, on nous a servi les plats traditionnels de la r\u00e9gion de Haute Savoie \u00ab\u00a0la tartiflette\u00a0\u00bb et \u00ab\u00a0la raclette\u00a0\u00bb. Ensuite, les \u00e9l\u00e8ves sont mont\u00e9s dans leurs chambres pr\u00e9parer leurs valises. Ils \u00e9taient \u00e0 la fois \u00e9mus et impatients \u00e0 l\u2019id\u00e9e de rejoindre leur famille le lendemain mais aussi un peu triste d\u2019arriver \u00e0 la fin d\u2019un s\u00e9jour si agr\u00e9able.<\/p>\n<p>Pour d\u00e9couvrir l\u2019ensemble du s\u00e9jour en textes et en images, cliquer sur les liens suivants :<\/p>\n<p>Pour le 5\u00e8me jour <a href=\"https:\/\/www.sp.k12.tr\/fr\/notre-5eme-jour-a-morzine\/\">cliquez ici<\/a><\/p>\n<p>Pour le 4\u00e8me jour <a href=\"https:\/\/www.sp.k12.tr\/fr\/le-4eme-jour-a-morzine\/\">cliquez ici<\/a><\/p>\n<p>Pour le 3\u00e8me jour <a href=\"https:\/\/www.sp.k12.tr\/fr\/bonjour-de-morzine\/\">cliquez ici<\/a><\/p>\n<p>Pour le 2\u00e8me jour <a href=\"https:\/\/www.sp.k12.tr\/fr\/sur-les-pistes-de-morzine-le-2eme-jour\/\">cliquez ici<\/a><\/p>\n<p>Pour le 1er jour cliquez ici<\/p>\n","protected":false},"excerpt":{"rendered":"<p>Ainsi, ce matin, le beau soleil de Morzine s\u2019\u00e9tait cach\u00e9 derri\u00e8re les nuages, il pleuvait. Quand nous sommes arriv\u00e9s \u00e0 Pleney, il a commenc\u00e9 \u00e0 neiger. C\u2019\u00e9tait tr\u00e8s amusant de faire g\u00fc\u00e7ler la neige en descendant le long des pistes [&hellip;]<\/p>\n","protected":false},"author":1,"featured_media":0,"comment_status":"open","ping_status":"open","sticky":false,"template":"","format":"gallery","meta":{"_monsterinsights_skip_tracking":false,"_monsterinsights_sitenote_active":false,"_monsterinsights_sitenote_note":"","_monsterinsights_sitenote_category":0,"footnotes":""},"categories":[56],"tags":[],"class_list":["post-11696","post","type-post","status-publish","format-gallery","hentry","category-sport","post_format-post-format-gallery"],"_links":{"self":[{"href":"https:\/\/www.sp.k12.tr\/fr\/wp-json\/wp\/v2\/posts\/11696","targetHints":{"allow":["GET"]}}],"collection":[{"href":"https:\/\/www.sp.k12.tr\/fr\/wp-json\/wp\/v2\/posts"}],"about":[{"href":"https:\/\/www.sp.k12.tr\/fr\/wp-json\/wp\/v2\/types\/post"}],"author":[{"embeddable":true,"href":"https:\/\/www.sp.k12.tr\/fr\/wp-json\/wp\/v2\/users\/1"}],"replies":[{"embeddable":true,"href":"https:\/\/www.sp.k12.tr\/fr\/wp-json\/wp\/v2\/comments?post=11696"}],"version-history":[{"count":0,"href":"https:\/\/www.sp.k12.tr\/fr\/wp-json\/wp\/v2\/posts\/11696\/revisions"}],"wp:attachment":[{"href":"https:\/\/www.sp.k12.tr\/fr\/wp-json\/wp\/v2\/media?parent=11696"}],"wp:term":[{"taxonomy":"category","embeddable":true,"href":"https:\/\/www.sp.k12.tr\/fr\/wp-json\/wp\/v2\/categories?post=11696"},{"taxonomy":"post_tag","embeddable":true,"href":"https:\/\/www.sp.k12.tr\/fr\/wp-json\/wp\/v2\/tags?post=11696"}],"curies":[{"name":"wp","href":"https:\/\/api.w.org\/{rel}","templated":true}]}}