{"id":11694,"date":"2012-05-09T23:50:14","date_gmt":"2012-05-09T20:50:14","guid":{"rendered":"https:\/\/www.sp.k12.tr\/?p=11694"},"modified":"2020-01-01T23:56:45","modified_gmt":"2020-01-01T20:56:45","slug":"premieres-journees-sous-le-signe-du-sport-a-marseille","status":"publish","type":"post","link":"https:\/\/www.sp.k12.tr\/fr\/premieres-journees-sous-le-signe-du-sport-a-marseille\/","title":{"rendered":"Premi\u00e8res journ\u00e9es sous le signe du sport \u00e0 Marseille"},"content":{"rendered":"<p>Nous avons fait une pr\u00e9sentation en trois parties : tout d\u2019abord nous avons propos\u00e9 une petite vid\u00e9o qui pr\u00e9sentait la ville d\u2019Istanbul, puis, trois \u00e9l\u00e8ves ont parl\u00e9 des grands \u00e9quipes de football stambouliotes qu\u2019ils supportaient et enfin, un diaporama de photos de la premi\u00e8re \u00e9tape de notre \u00e9change avait \u00e9t\u00e9 pr\u00e9par\u00e9.<\/p>\n<p>Lundi apr\u00e8s-midi nous avons visit\u00e9 le fameux Stade V\u00e9lodrome de Marseille en compagnie d\u2019un guide qui nous a racont\u00e9 l\u2019histoire du club de l\u2019Olympique de Marseille et nous avons rencontr\u00e9 une journaliste de La Provence qui nous a interrog\u00e9 sur notre \u00e9change sportif.<\/p>\n<p>Apr\u00e8s cette visite nous sommes retourn\u00e9s au lyc\u00e9e H. Daumier pour le premier entra\u00eenement de la semaine. A la fin de la journ\u00e9e nous \u00e9tions tr\u00e8s fatigu\u00e9s.<\/p>\n<p>Le lendemain matin, jour f\u00e9ri\u00e9 en France, nous avons effectu\u00e9 une visite de la ville de Marseille, nous avons visit\u00e9 en particulier le Vieux-Port et nous sommes mont\u00e9s jusqu\u2019\u00e0 Notre-Dame de la Garde, grande \u00e9glise qui surplombe toute la ville.<\/p>\n<p>Ensuite chacun est retourn\u00e9 dans la famille de son correspondant en pensant \u00e0 la journ\u00e9e encore bien charg\u00e9e du lendemain.<\/p>\n","protected":false},"excerpt":{"rendered":"<p>Nous avons fait une pr\u00e9sentation en trois parties : tout d\u2019abord nous avons propos\u00e9 une petite vid\u00e9o qui pr\u00e9sentait la ville d\u2019Istanbul, puis, trois \u00e9l\u00e8ves ont parl\u00e9 des grands \u00e9quipes de football stambouliotes qu\u2019ils supportaient et enfin, un diaporama de [&hellip;]<\/p>\n","protected":false},"author":1,"featured_media":0,"comment_status":"open","ping_status":"open","sticky":false,"template":"","format":"gallery","meta":{"_monsterinsights_skip_tracking":false,"_monsterinsights_sitenote_active":false,"_monsterinsights_sitenote_note":"","_monsterinsights_sitenote_category":0,"footnotes":""},"categories":[56],"tags":[],"class_list":["post-11694","post","type-post","status-publish","format-gallery","hentry","category-sport","post_format-post-format-gallery"],"_links":{"self":[{"href":"https:\/\/www.sp.k12.tr\/fr\/wp-json\/wp\/v2\/posts\/11694","targetHints":{"allow":["GET"]}}],"collection":[{"href":"https:\/\/www.sp.k12.tr\/fr\/wp-json\/wp\/v2\/posts"}],"about":[{"href":"https:\/\/www.sp.k12.tr\/fr\/wp-json\/wp\/v2\/types\/post"}],"author":[{"embeddable":true,"href":"https:\/\/www.sp.k12.tr\/fr\/wp-json\/wp\/v2\/users\/1"}],"replies":[{"embeddable":true,"href":"https:\/\/www.sp.k12.tr\/fr\/wp-json\/wp\/v2\/comments?post=11694"}],"version-history":[{"count":0,"href":"https:\/\/www.sp.k12.tr\/fr\/wp-json\/wp\/v2\/posts\/11694\/revisions"}],"wp:attachment":[{"href":"https:\/\/www.sp.k12.tr\/fr\/wp-json\/wp\/v2\/media?parent=11694"}],"wp:term":[{"taxonomy":"category","embeddable":true,"href":"https:\/\/www.sp.k12.tr\/fr\/wp-json\/wp\/v2\/categories?post=11694"},{"taxonomy":"post_tag","embeddable":true,"href":"https:\/\/www.sp.k12.tr\/fr\/wp-json\/wp\/v2\/tags?post=11694"}],"curies":[{"name":"wp","href":"https:\/\/api.w.org\/{rel}","templated":true}]}}